{"id":5165,"date":"2024-11-06T18:45:03","date_gmt":"2024-11-06T18:45:03","guid":{"rendered":"https:\/\/247stiri.ro\/index.php\/2024\/11\/06\/nelu-tataru-se-apara-printr-o-postare-am-fost-condamnat-inainte-de-a-fi-judecat-public-politic-si-profesional\/"},"modified":"2024-11-06T18:45:03","modified_gmt":"2024-11-06T18:45:03","slug":"nelu-tataru-se-apara-printr-o-postare-am-fost-condamnat-inainte-de-a-fi-judecat-public-politic-si-profesional","status":"publish","type":"post","link":"https:\/\/247stiri.ro\/index.php\/2024\/11\/06\/nelu-tataru-se-apara-printr-o-postare-am-fost-condamnat-inainte-de-a-fi-judecat-public-politic-si-profesional\/","title":{"rendered":"Nelu T\u0103taru se ap\u0103r\u0103, printr-o postare: Am fost condamnat \u00eenainte de a fi judecat &#8211; public, politic \u015fi profesional"},"content":{"rendered":"<p>Deputatul a afirmat c\u0103 familia sa a avut de suferit \u015fi a dat asigur\u0103ri c\u0103 nu va renun\u0163a la profesia de medic chirurg \u015fi la pacien\u0163ii s\u0103i.&#8221;\u00centr-o Rom\u00e2nie \u00een care se pare c\u0103 dreptatea la televizor \u015fi politica se intersecteaz\u0103 din ce \u00een ce mai mult, iat\u0103 c\u0103 am devenit protagonistul unui scenariu de film. Am fost condamnat \u00eenainte de a fi judecat &#8211; public, politic \u015fi profesional. F\u0103r\u0103 un proces oficial, dar cu mult zgomot, cu o carier\u0103 pus\u0103 sub semnul \u00eentreb\u0103rii \u015fi cu o familie care a fost supus\u0103 unui impact emo\u0163ional puternic. De ce? Pentru ce? De cine? Nu am aceste r\u0103spunsuri acum, \u00eens\u0103 ceea ce \u015ftiu sigur este c\u0103 nu voi renun\u0163a vreodat\u0103 la profesia mea, la pacien\u0163ii mei \u015fi sfaturile medicale de care au nevoie, mai ales c\u00e2nd \u015ftiu c\u0103 unii dintre ei nu au acces la servicii medicale&#8221;, a transmis Nelu T\u0103taru.Fostul ministru al S\u0103n\u0103t\u0103\u0163ii, care este medic specialist chirurg \u00een cadrul Spitalului Municipal &#8222;Dimitrie Castroian&#8221; Hu\u015fi, \u015fi-a asigurat pacien\u0163ii c\u0103 va r\u0103m\u00e2ne al\u0103turi de ei.<\/p>\n<p><a title=\"Cine este romanul din echipa noului presedinte SUA. Dragos Sprinceana sarbatoreste victoria alaturi de Donald Trump la resedinta acestuia din Florida \" href=\"https:\/\/www.realitatea.net\/stiri\/actual\/cine-este-romanul-din-echipa-noului-presedinte-sua-dragos-sprinceana-sarbatoreste-victoria-alaturi-de-donald-trump-la-resedinta-acestuia-din-florida_672ba5585ac9ad388b52b8d2\">Cine este rom\u00e2nul din echipa noului pre\u0219edinte SUA. Drago\u0219 Spr\u00eencean\u0103 s\u0103rb\u0103tore\u0219te victoria al\u0103turi de Donald Trump la re\u0219edin\u021ba acestuia din Florida<\/a>&#8222;Dragi pacien\u0163i, prin m\u0103sura controlului judiciar, pe care o voi contesta, mi s-a retras pentru o perioad\u0103 dreptul de a profesa \u00een spitalele de stat, dar cuno\u015ftin\u0163ele \u00een domeniul medical, pe voi, dar mai ales vie\u0163ile salvate nu le va putea lua nimeni! Indiferent de presiuni sau de mize politice! Din p\u0103cate, cei mai afecta\u0163i sunte\u0163i voi, pacien\u0163ii mei. Vreau s\u0103 transmit pe aceast\u0103 cale c\u0103 v\u0103 r\u0103m\u00e2n al\u0103turi, chiar \u015fi cu un sfat, p\u00e2n\u0103 m\u0103 voi \u00eentoarce \u00een cabinet. Mul\u0163umesc mult pentru toate mesajele de sus\u0163inere \u015fi v\u0103 \u00eencurajez s\u0103 fi\u0163i drep\u0163i! Ave\u0163i grij\u0103 de s\u0103n\u0103tatea dumneavoastr\u0103&#8221;, a mai scris T\u0103taru pe pagina sa de Facebook.Nelu T\u0103taru a fost plasat, luni, sub control judiciar pentru 60 de zile, el primind, totodat\u0103, interdic\u0163ia de a profesa \u00een unit\u0103\u0163i sanitare publice, pe perioada m\u0103surii preventive, \u00eentr-un dosar instrumentat de DNA \u00een care este acuzat c\u0103 ar fi primit mit\u0103, ca medic, sume de bani cuprinse \u00eentre 100 \u015fi 500 de lei, precum \u015fi bunuri alimentare. El s-a declarat nevinovat \u015fi a precizat c\u0103 nu a condi\u0163ionat niciodat\u0103 actul medical.Nelu T\u0103taru a fost demis din func\u0163ie \u00een urma acuza\u0163iilor \u015fi exclus de pe lista pentru alegerile parlamentare.\u00a0<\/p>\n<p><a title=\"Unde se afla cel mai bogat sat din Romania. Aici, casele sunt mai luxoase ca ale regilor Frantei si un Ferarri este considerat vechitura\" href=\"https:\/\/www.realitatea.net\/stiri\/actual\/unde-se-afla-cel-mai-bogat-sat-din-romania-aici-casele-sunt-mai-luxoase-ca-ale-regilor-frantei-si-un-ferarri-este-considerat-vechitura_672b9dadba49682d1413481e\">Unde se afl\u0103 cel mai bogat sat din Rom\u00e2nia. Aici, casele sunt mai luxoase ca ale regilor Fran\u021bei \u0219i un Ferarri este considerat vechitur\u0103<\/a><\/p>","protected":false},"excerpt":{"rendered":"<p>Deputatul a afirmat c\u0103 familia sa a avut de suferit \u015fi a dat asigur\u0103ri c\u0103&hellip;<\/p>\n","protected":false},"author":0,"featured_media":5158,"comment_status":"open","ping_status":"open","sticky":false,"template":"","format":"standard","meta":{"footnotes":""},"categories":[2],"tags":[],"class_list":["post-5165","post","type-post","status-publish","format-standard","has-post-thumbnail","hentry","category-actual"],"_links":{"self":[{"href":"https:\/\/247stiri.ro\/index.php\/wp-json\/wp\/v2\/posts\/5165","targetHints":{"allow":["GET"]}}],"collection":[{"href":"https:\/\/247stiri.ro\/index.php\/wp-json\/wp\/v2\/posts"}],"about":[{"href":"https:\/\/247stiri.ro\/index.php\/wp-json\/wp\/v2\/types\/post"}],"replies":[{"embeddable":true,"href":"https:\/\/247stiri.ro\/index.php\/wp-json\/wp\/v2\/comments?post=5165"}],"version-history":[{"count":0,"href":"https:\/\/247stiri.ro\/index.php\/wp-json\/wp\/v2\/posts\/5165\/revisions"}],"wp:featuredmedia":[{"embeddable":true,"href":"https:\/\/247stiri.ro\/index.php\/wp-json\/wp\/v2\/media\/5158"}],"wp:attachment":[{"href":"https:\/\/247stiri.ro\/index.php\/wp-json\/wp\/v2\/media?parent=5165"}],"wp:term":[{"taxonomy":"category","embeddable":true,"href":"https:\/\/247stiri.ro\/index.php\/wp-json\/wp\/v2\/categories?post=5165"},{"taxonomy":"post_tag","embeddable":true,"href":"https:\/\/247stiri.ro\/index.php\/wp-json\/wp\/v2\/tags?post=5165"}],"curies":[{"name":"wp","href":"https:\/\/api.w.org\/{rel}","templated":true}]}}