{"id":51650,"date":"2025-12-13T19:45:28","date_gmt":"2025-12-13T19:45:28","guid":{"rendered":"https:\/\/247stiri.ro\/index.php\/2025\/12\/13\/lupta-contracronometru-pe-crestele-fagarasului-turist-ranit-grav-dupa-o-cadere-periculoasa-mobilizare-de-urgenta-a-salvamontistilor\/"},"modified":"2025-12-13T19:45:28","modified_gmt":"2025-12-13T19:45:28","slug":"lupta-contracronometru-pe-crestele-fagarasului-turist-ranit-grav-dupa-o-cadere-periculoasa-mobilizare-de-urgenta-a-salvamontistilor","status":"publish","type":"post","link":"https:\/\/247stiri.ro\/index.php\/2025\/12\/13\/lupta-contracronometru-pe-crestele-fagarasului-turist-ranit-grav-dupa-o-cadere-periculoasa-mobilizare-de-urgenta-a-salvamontistilor\/","title":{"rendered":"Lupt\u0103 contracronometru pe crestele F\u0103g\u0103ra\u0219ului. Turist r\u0103nit grav dup\u0103 o c\u0103dere periculoas\u0103, mobilizare de urgen\u021b\u0103 a salvamonti\u0219tilor"},"content":{"rendered":"<p>\u201dTuristul se afla \u00eempreun\u0103 cu un coleg de tur\u0103, s-a dezechilibrat \u0219i a alunecat pe un jgheab. \u00cen urma c\u0103derii, acesta a suferit leziuni la nivelul capului \u0219i al coloanei cervicale. O echip\u0103 de prim r\u0103spuns din cadrul Salvamont Sibiu a acordat primul ajutor medical, iar \u00een prezent, \u00eempreun\u0103 cu colegii de la Salvamont Arge\u0219, se desf\u0103\u0219oar\u0103 opera\u021biunea de transport a victimei \u00een siguran\u021b\u0103\u201d, a informat Salvamont Sibiu.<\/p>\n\n<p>Conform salvatorilor, victima are 56 ani \u0219i este din Odorheiul Secuiesc.<\/p>\n<p><a title=\"Turist disparut in Muntii Bucegi. Salvamontistii continua cautarile: echipele intervin in conditii dificile\" href=\"https:\/\/www.realitatea.net\/stiri\/actual\/turist-disparut-in-muntii-bucegi-salvamontistii-continua-cautarile-echipele-intervin-in-conditii-dificile_69314937b10853033052e2a3\">Turist disp\u0103rut \u00een Mun\u021bii Bucegi. Salvamonti\u0219tii continu\u0103 c\u0103ut\u0103rile: echipele intervin \u00een condi\u021bii dificile<\/a><\/p>","protected":false},"excerpt":{"rendered":"<p>\u201dTuristul se afla \u00eempreun\u0103 cu un coleg de tur\u0103, s-a dezechilibrat \u0219i a alunecat pe&hellip;<\/p>\n","protected":false},"author":0,"featured_media":51651,"comment_status":"open","ping_status":"open","sticky":false,"template":"","format":"standard","meta":{"footnotes":""},"categories":[2],"tags":[],"class_list":["post-51650","post","type-post","status-publish","format-standard","has-post-thumbnail","hentry","category-actual"],"_links":{"self":[{"href":"https:\/\/247stiri.ro\/index.php\/wp-json\/wp\/v2\/posts\/51650","targetHints":{"allow":["GET"]}}],"collection":[{"href":"https:\/\/247stiri.ro\/index.php\/wp-json\/wp\/v2\/posts"}],"about":[{"href":"https:\/\/247stiri.ro\/index.php\/wp-json\/wp\/v2\/types\/post"}],"replies":[{"embeddable":true,"href":"https:\/\/247stiri.ro\/index.php\/wp-json\/wp\/v2\/comments?post=51650"}],"version-history":[{"count":0,"href":"https:\/\/247stiri.ro\/index.php\/wp-json\/wp\/v2\/posts\/51650\/revisions"}],"wp:featuredmedia":[{"embeddable":true,"href":"https:\/\/247stiri.ro\/index.php\/wp-json\/wp\/v2\/media\/51651"}],"wp:attachment":[{"href":"https:\/\/247stiri.ro\/index.php\/wp-json\/wp\/v2\/media?parent=51650"}],"wp:term":[{"taxonomy":"category","embeddable":true,"href":"https:\/\/247stiri.ro\/index.php\/wp-json\/wp\/v2\/categories?post=51650"},{"taxonomy":"post_tag","embeddable":true,"href":"https:\/\/247stiri.ro\/index.php\/wp-json\/wp\/v2\/tags?post=51650"}],"curies":[{"name":"wp","href":"https:\/\/api.w.org\/{rel}","templated":true}]}}