{"id":5166,"date":"2024-11-06T18:45:03","date_gmt":"2024-11-06T18:45:03","guid":{"rendered":"https:\/\/247stiri.ro\/index.php\/2024\/11\/06\/accident-rutier-cu-trei-masini-un-copil-de-11-ani-si-doua-persoane-adulte-ranite\/"},"modified":"2024-11-06T18:45:03","modified_gmt":"2024-11-06T18:45:03","slug":"accident-rutier-cu-trei-masini-un-copil-de-11-ani-si-doua-persoane-adulte-ranite","status":"publish","type":"post","link":"https:\/\/247stiri.ro\/index.php\/2024\/11\/06\/accident-rutier-cu-trei-masini-un-copil-de-11-ani-si-doua-persoane-adulte-ranite\/","title":{"rendered":"Accident rutier cu trei ma\u0219ini: Un copil de 11 ani \u0219i dou\u0103 persoane adulte, r\u0103nite"},"content":{"rendered":"<p>Ce au transmis poli\u021bi\u0219tii<\/p>\n<p><a href=\"https:\/\/www.realitatea.net\/stiri\/actual\/o-femeie-de-79-de-ani-a-intrat-cu-masina-pe-contrasens-intrun-motocultor-trei-persoane-sunt-ranite_672a1c955510265dd423bdd4\" target=\"_blank\" rel=\"noopener\">Cercet\u0103rile efectuate<\/a> de autorit\u0103\u021bi au stabilit c\u0103 b\u0103rbatul \u00een v\u00e2rst\u0103 de 48 de ani din Petrila, aflat la volanul unui autoturism, nu a p\u0103strat o distan\u021b\u0103 regulamentar\u0103 fa\u021b\u0103 de ma\u0219ina condus\u0103 de un b\u0103rbat de 43 de ani din Petro\u0219ani, care era oprit pe drum. \u00cen urma coliziunii, ma\u0219ina b\u0103rbatului de 43 de ani a fost proiectat\u0103 \u00een autoturismul condus de un b\u0103rbat de 36 de ani, tot din Petro\u0219ani, care oprise pentru a vira la st\u00e2nga.<\/p>\n<p>Accidentul s-a soldat cu r\u0103nirea unui copil de 11 ani, pasager \u00een vehiculul condus de b\u0103rbatul de 48 de ani, a unei femei de 57 de ani, pasager\u0103 \u00een ma\u0219ina condus\u0103 de b\u0103rbatul de 36 de ani, \u0219i a \u0219oferului de 36 de ani. To\u021bi cei trei r\u0103ni\u021bi au fost transporta\u021bi la spital pentru \u00eengrijiri medicale.<\/p>\n<p><a href=\"https:\/\/www.realitatea.net\/stiri\/actual\/sfarsit-tragic-pentru-o-fetita-de-doar-10-ani-a-murit-in-masina-condusa-de-mama-ei_672a16cf37c73a51ac61c8de\" target=\"_blank\" rel=\"noopener\">\u00cen urma acestui incident,<\/a> poli\u021bia a deschis un dosar de cercetare penal\u0103 pentru infrac\u021biunea de v\u0103t\u0103mare corporal\u0103 din culp\u0103.<\/p>","protected":false},"excerpt":{"rendered":"<p>Ce au transmis poli\u021bi\u0219tii Cercet\u0103rile efectuate de autorit\u0103\u021bi au stabilit c\u0103 b\u0103rbatul \u00een v\u00e2rst\u0103 de&hellip;<\/p>\n","protected":false},"author":0,"featured_media":5167,"comment_status":"open","ping_status":"open","sticky":false,"template":"","format":"standard","meta":{"footnotes":""},"categories":[2],"tags":[],"class_list":["post-5166","post","type-post","status-publish","format-standard","has-post-thumbnail","hentry","category-actual"],"_links":{"self":[{"href":"https:\/\/247stiri.ro\/index.php\/wp-json\/wp\/v2\/posts\/5166","targetHints":{"allow":["GET"]}}],"collection":[{"href":"https:\/\/247stiri.ro\/index.php\/wp-json\/wp\/v2\/posts"}],"about":[{"href":"https:\/\/247stiri.ro\/index.php\/wp-json\/wp\/v2\/types\/post"}],"replies":[{"embeddable":true,"href":"https:\/\/247stiri.ro\/index.php\/wp-json\/wp\/v2\/comments?post=5166"}],"version-history":[{"count":0,"href":"https:\/\/247stiri.ro\/index.php\/wp-json\/wp\/v2\/posts\/5166\/revisions"}],"wp:featuredmedia":[{"embeddable":true,"href":"https:\/\/247stiri.ro\/index.php\/wp-json\/wp\/v2\/media\/5167"}],"wp:attachment":[{"href":"https:\/\/247stiri.ro\/index.php\/wp-json\/wp\/v2\/media?parent=5166"}],"wp:term":[{"taxonomy":"category","embeddable":true,"href":"https:\/\/247stiri.ro\/index.php\/wp-json\/wp\/v2\/categories?post=5166"},{"taxonomy":"post_tag","embeddable":true,"href":"https:\/\/247stiri.ro\/index.php\/wp-json\/wp\/v2\/tags?post=5166"}],"curies":[{"name":"wp","href":"https:\/\/api.w.org\/{rel}","templated":true}]}}