{"id":51855,"date":"2025-12-15T09:45:36","date_gmt":"2025-12-15T09:45:36","guid":{"rendered":"https:\/\/247stiri.ro\/index.php\/2025\/12\/15\/criza-majora-in-judetul-lui-bolojan-din-cauza-masurilor-economice-peste-2-000-de-oameni-si-au-pierdut-jobul-in-bihor-intr-o-singura-luna\/"},"modified":"2025-12-15T09:45:36","modified_gmt":"2025-12-15T09:45:36","slug":"criza-majora-in-judetul-lui-bolojan-din-cauza-masurilor-economice-peste-2-000-de-oameni-si-au-pierdut-jobul-in-bihor-intr-o-singura-luna","status":"publish","type":"post","link":"https:\/\/247stiri.ro\/index.php\/2025\/12\/15\/criza-majora-in-judetul-lui-bolojan-din-cauza-masurilor-economice-peste-2-000-de-oameni-si-au-pierdut-jobul-in-bihor-intr-o-singura-luna\/","title":{"rendered":"Criz\u0103 major\u0103 \u00een jude\u021bul lui Bolojan din cauza m\u0103surilor \u201eeconomice\u201d. Peste 2.000 de oameni \u0219i-au pierdut jobul \u00een Bihor, \u00eentr-o singur\u0103 lun\u0103"},"content":{"rendered":"<p>Datele recente ale Inspectoratului Teritorial de Munc\u0103 Bihor arat\u0103 o contrac\u021bie semnificativ\u0103 a pie\u021bei for\u021bei de munc\u0103. La data de 30 noiembrie, \u00een jude\u021b erau \u00eenregistra\u021bi 160.175 de salaria\u021bi activi, cu peste 2.000 mai pu\u021bini dec\u00e2t la finalul lunii octombrie, c\u00e2nd totalul ajungea la 162.287.<\/p>\n<p>Declinul nu se opre\u0219te la nivelul angaja\u021bilor. \u0218i companiile au avut de suferi<\/p>\n<p>\u00cen aceea\u0219i perioad\u0103, num\u0103rul angajatorilor activi a cobor\u00e2t de la 25.748 la 24.096, ceea ce \u00eenseamn\u0103 c\u0103 peste 1.600 de firme au ie\u0219it din eviden\u021bele active \u00eentr-un singur interval de raportare.<\/p>\n<p>O sc\u0103dere \u0219i mai accentuat\u0103 se observ\u0103 \u00een privin\u021ba contractelor individuale de munc\u0103, care au ajuns la 183.592, fa\u021b\u0103 de 186.677 la finalul lunii precedente.<\/p>\n<p>Semnalele din teren indic\u0103 faptul c\u0103 situa\u021bia nu se va redresa rapid. Cel pu\u021bin p\u00e2n\u0103 la sf\u00e2r\u0219itul anului, este de a\u0219teptat ca tendin\u021ba s\u0103 continue, pe fondul unor decizii de restructurare deja anun\u021bate.<\/p>\n<p>Surse din pia\u021ba muncii bihorene au declarat c\u0103 o fabric\u0103 din industria auto, situat\u0103 \u00een Marghita, ia \u00een calcul concedierea a peste o sut\u0103 de angaja\u021bi.<\/p>\n<p>\u00cen paralel, o alt\u0103 companie, din S\u00e2nmartin, urmeaz\u0103 s\u0103 renun\u021be la aproximativ 50 de salaria\u021bi din cadrul unui hotel.<\/p>","protected":false},"excerpt":{"rendered":"<p>Datele recente ale Inspectoratului Teritorial de Munc\u0103 Bihor arat\u0103 o contrac\u021bie semnificativ\u0103 a pie\u021bei for\u021bei&hellip;<\/p>\n","protected":false},"author":0,"featured_media":51856,"comment_status":"open","ping_status":"open","sticky":false,"template":"","format":"standard","meta":{"footnotes":""},"categories":[2],"tags":[],"class_list":["post-51855","post","type-post","status-publish","format-standard","has-post-thumbnail","hentry","category-actual"],"_links":{"self":[{"href":"https:\/\/247stiri.ro\/index.php\/wp-json\/wp\/v2\/posts\/51855","targetHints":{"allow":["GET"]}}],"collection":[{"href":"https:\/\/247stiri.ro\/index.php\/wp-json\/wp\/v2\/posts"}],"about":[{"href":"https:\/\/247stiri.ro\/index.php\/wp-json\/wp\/v2\/types\/post"}],"replies":[{"embeddable":true,"href":"https:\/\/247stiri.ro\/index.php\/wp-json\/wp\/v2\/comments?post=51855"}],"version-history":[{"count":0,"href":"https:\/\/247stiri.ro\/index.php\/wp-json\/wp\/v2\/posts\/51855\/revisions"}],"wp:featuredmedia":[{"embeddable":true,"href":"https:\/\/247stiri.ro\/index.php\/wp-json\/wp\/v2\/media\/51856"}],"wp:attachment":[{"href":"https:\/\/247stiri.ro\/index.php\/wp-json\/wp\/v2\/media?parent=51855"}],"wp:term":[{"taxonomy":"category","embeddable":true,"href":"https:\/\/247stiri.ro\/index.php\/wp-json\/wp\/v2\/categories?post=51855"},{"taxonomy":"post_tag","embeddable":true,"href":"https:\/\/247stiri.ro\/index.php\/wp-json\/wp\/v2\/tags?post=51855"}],"curies":[{"name":"wp","href":"https:\/\/api.w.org\/{rel}","templated":true}]}}