{"id":51869,"date":"2025-12-15T10:47:27","date_gmt":"2025-12-15T10:47:27","guid":{"rendered":"https:\/\/247stiri.ro\/index.php\/2025\/12\/15\/cum-se-victimizeaza-ministrul-mediului-inainte-de-motiune-nu-m-am-nascut-ministru-pot-face-si-altceva\/"},"modified":"2025-12-15T10:47:27","modified_gmt":"2025-12-15T10:47:27","slug":"cum-se-victimizeaza-ministrul-mediului-inainte-de-motiune-nu-m-am-nascut-ministru-pot-face-si-altceva","status":"publish","type":"post","link":"https:\/\/247stiri.ro\/index.php\/2025\/12\/15\/cum-se-victimizeaza-ministrul-mediului-inainte-de-motiune-nu-m-am-nascut-ministru-pot-face-si-altceva\/","title":{"rendered":"Cum se victimizeaz\u0103 ministrul Mediului \u00eenainte de mo\u021biune: &#8222;Nu m-am n\u0103scut ministru, pot face \u0219i altceva&#8221;"},"content":{"rendered":"<p>&#8222;Pe mine nu m\u0103 surprinde c\u0103 PSD \u0219i AUR au instrumentalizat aceast\u0103 tragedie \u00een sens politic.Eu nu m am n\u0103scut ministru. Eu pot m\u00e2ine s\u0103 plec lini\u0219tit\u0103 \u0219i \u00een privat; pot m\u00e2ine lini\u0219tit\u0103 s\u0103 mi fac o carier\u0103 \u00een domeniul \u00een orice domeniu \u00een afara politicii, \u00een sensul de s\u0103 nu mai fie legat de vreo func\u021bie public\u0103. Nu despre asta este vorba, dar eu sunt un om foarte principial. Dac\u0103 vii s\u0103-mi spui c\u0103 exist\u0103 o problem\u0103 cu un proiect, eu nu neg c\u0103 o s\u0103 facem gre\u0219eli.Eu nu spun c\u0103 vom fi perfec\u021bi, dar eu ce spun este c\u0103 se vede pentru prima dat\u0103 la Ministerul Mediului cum \u00een sf\u00e2r\u0219it probleme care au fost ascunse ani de zile sub pre\u0219 sunt scoase la iveal\u0103. O parte dintre ele au \u00eenceput s\u0103 fie \u0219i rezolvate.\u00a0<\/p>\n<p><a href=\"https:\/\/www.realitatea.net\/stiri\/actual\/intorsatura-de-situatie-in-cazul-mortii-rodicai-stanoiu-a-fost-deschis-un-dosar-de-moarte-suspecta-situatie-sesizata-de-jurnalistul-liviu-alexa_693d7594edb6d3321261f0b2\" target=\"_blank\">\u00centors\u0103tur\u0103 de situa\u021bie \u00een cazul mor\u021bii Rodic\u0103i St\u0103noiu. A fost deschis un dosar de moarte suspect\u0103, situa\u021bie sesizat\u0103 de jurnalistul Liviu Alexa<\/a><\/p>\n<p>Adic\u0103 dac\u0103-mi este fric\u0103 c\u0103 a\u0219 putea s\u0103 fiu dat\u0103 la un moment dat de PSD \u0219i de AUR jos din aceast\u0103 func\u021bie \u0219i atunci s\u0103 nu mai ac\u021bionez c\u0103 poate se sup\u0103r\u0103 PSD \u0219i AUR \u0219i, nu \u0219tiu, acuma amenin\u021b\u0103 c\u0103 voteaz\u0103 mo\u021biunea. Bun, vota\u021bi mo\u021biunea. Care este problema? Care este \u0219antajul? De fapt, care este \u0219antajul? Eu ce ar trebui s\u0103 fac acuma s\u0103 zic? A, am uitat toate principiile mele.Eu nu pot s\u0103-mi repro\u0219ez c\u0103 am ac\u021bionat prea dur pe anumite situa\u021bii. Poate pot s\u0103-mi repro\u0219ez c\u0103 nu am suficient de mul\u021bi oameni \u0219i suficient de multe resurse \u00een acest minister, c\u00e2t s\u0103 ne ocup\u0103m de toate problemele care apar&#8221;, a declarat Buzoianu.\u00a0<\/p>","protected":false},"excerpt":{"rendered":"<p>&#8222;Pe mine nu m\u0103 surprinde c\u0103 PSD \u0219i AUR au instrumentalizat aceast\u0103 tragedie \u00een sens&hellip;<\/p>\n","protected":false},"author":0,"featured_media":51870,"comment_status":"open","ping_status":"open","sticky":false,"template":"","format":"standard","meta":{"footnotes":""},"categories":[3],"tags":[],"class_list":["post-51869","post","type-post","status-publish","format-standard","has-post-thumbnail","hentry","category-politica"],"_links":{"self":[{"href":"https:\/\/247stiri.ro\/index.php\/wp-json\/wp\/v2\/posts\/51869","targetHints":{"allow":["GET"]}}],"collection":[{"href":"https:\/\/247stiri.ro\/index.php\/wp-json\/wp\/v2\/posts"}],"about":[{"href":"https:\/\/247stiri.ro\/index.php\/wp-json\/wp\/v2\/types\/post"}],"replies":[{"embeddable":true,"href":"https:\/\/247stiri.ro\/index.php\/wp-json\/wp\/v2\/comments?post=51869"}],"version-history":[{"count":0,"href":"https:\/\/247stiri.ro\/index.php\/wp-json\/wp\/v2\/posts\/51869\/revisions"}],"wp:featuredmedia":[{"embeddable":true,"href":"https:\/\/247stiri.ro\/index.php\/wp-json\/wp\/v2\/media\/51870"}],"wp:attachment":[{"href":"https:\/\/247stiri.ro\/index.php\/wp-json\/wp\/v2\/media?parent=51869"}],"wp:term":[{"taxonomy":"category","embeddable":true,"href":"https:\/\/247stiri.ro\/index.php\/wp-json\/wp\/v2\/categories?post=51869"},{"taxonomy":"post_tag","embeddable":true,"href":"https:\/\/247stiri.ro\/index.php\/wp-json\/wp\/v2\/tags?post=51869"}],"curies":[{"name":"wp","href":"https:\/\/api.w.org\/{rel}","templated":true}]}}