{"id":51877,"date":"2025-12-15T10:47:31","date_gmt":"2025-12-15T10:47:31","guid":{"rendered":"https:\/\/247stiri.ro\/index.php\/2025\/12\/15\/ministrul-justitiei-radu-marinescu-spune-ca-nu-l-a-sunat-lia-si-pe-el\/"},"modified":"2025-12-15T10:47:31","modified_gmt":"2025-12-15T10:47:31","slug":"ministrul-justitiei-radu-marinescu-spune-ca-nu-l-a-sunat-lia-si-pe-el","status":"publish","type":"post","link":"https:\/\/247stiri.ro\/index.php\/2025\/12\/15\/ministrul-justitiei-radu-marinescu-spune-ca-nu-l-a-sunat-lia-si-pe-el\/","title":{"rendered":"Ministrul Justi\u021biei, Radu Marinescu, spune c\u0103 nu l-a sunat Lia \u0219i pe el"},"content":{"rendered":"<p>Ministrul Justi\u021biei, Radu Marinescu, a reac\u021bionat la tensiunile din sistemul judiciar generate de dezv\u0103luirile \u201eJusti\u0163ie capturat\u0103\u201d ale Recorder, evit\u00e2nd \u00eens\u0103 s\u0103 cear\u0103 public demisia pre\u0219edintei \u00cenaltei Cur\u021bi de Casa\u021bie \u0219i Justi\u021bie (\u00ceCCJ), Lia Savonea. De\u0219i mii de protestatari au cerut \u00een strad\u0103 plecarea acesteia, Marinescu a subliniat c\u0103 demisia este un \u201eact personal\u201d bazat pe autoevaluarea fiec\u0103ruia.<\/p>\n<p>La un post TV, ministrul Marinescu a confirmat c\u0103 nu a discutat cu Lia Savonea despre ancheta Recorder sau despre scandalul care a determinat sute de magistra\u021bi s\u0103 semneze o scrisoare de sus\u021binere pentru judec\u0103torii care au denun\u021bat problemele sistemice.<\/p>\n<p>\u201eFace\u021bi ordine, l\u0103muri\u021bi lucrurile!\u201d<\/p>\n<p>\u00cen schimbul unei pozi\u021bii directe, Ministrul Justi\u021biei a transmis un mesaj clar \u00eentregului sistem judiciar: \u201eFace\u0163i ordine, l\u0103muri\u0163i lucrurile, verifica\u0163i toate cele care sunt semnalate, hai s\u0103 afl\u0103m adev\u0103rul \u015fi lua\u0163i m\u0103surile necesare \u00een conformitate cu competen\u0163ele\u201d.<\/p>\n<p>Marinescu a reiterat c\u0103, \u00een calitate de Ministru al Justi\u021biei, ac\u021biunile sale se limiteaz\u0103 la competen\u021bele sale, neput\u00e2nd impune o demisie. El a insistat, totu\u0219i, c\u0103 \u201e\u00een actualul context tensionat\u201d, este necesar s\u0103 se ac\u021bioneze \u201e\u00eentr-un mod profesionist, \u00eentr-un mod ra\u0163ional\u201d pentru a corecta \u0219i \u00eendrepta \u201eabsolut toate problemele\u201d.<\/p>\n<p>\u201eNimic nu trebuie ignorat, totul trebuie l\u0103murit, iar dac\u0103 este cazul \u015fi sunt vinov\u0103\u0163ii concrete, atunci da, cel care a gre\u015fit trebuie s\u0103 ac\u0163ioneze \u00een consecin\u0163\u0103. Haide\u0163i s\u0103 afl\u0103m adev\u0103rul\u201d, a mai spus Marinescu, cer\u00e2nd verific\u0103ri \u201eprompte, obiective, impar\u0163iale \u015fi depline\u201d.<\/p>\n<p>Judec\u0103toarea Moro\u0219anu s\u0103 prezinte dovezi organelor judiciare<\/p>\n<p>Referitor la acuza\u021biile de corup\u021bie aduse \u00een documentar, inclusiv cele sus\u021binute de judec\u0103toarea Raluca Moro\u0219anu (Curtea de Apel Bucure\u0219ti) \u2014 care a confirmat c\u0103 dezv\u0103luirile colegului s\u0103u, Lauren\u021biu Be\u0219u, sunt adev\u0103rate \u2014, Ministrul Marinescu a fost categoric:<\/p>\n<p>\u201eDoamna Moro\u015fanu a invocat existen\u0163a unor fapte de corup\u0163ie, a\u015fa ceva este foarte grav, a\u015fa ceva nu poate fi tolerat \u00een societatea noastr\u0103. Este foarte bine ca \u015fi dumneaei s\u0103 prezinte organelor judiciare acele dovezi pe care le are\u201d.<\/p>\n<p>Potrivit ministrului, cine este acuzat de corup\u0163ie \u201enu doar c\u0103 nu mai trebuie s\u0103 judece, dar trebuie s\u0103 \u015fi r\u0103spund\u0103 penal \u00een fa\u0163a legii\u201d.<\/p>\n<p>Contextul revoltei \u201ejusti\u021biarilor\u201d<\/p>\n<p>Reac\u021bia Ministrului Marinescu vine \u00een contextul unei ample mi\u0219c\u0103ri de revolt\u0103. Sute de procurori \u0219i judec\u0103tori de la instan\u021be importante, inclusiv Curtea de Apel Bucure\u0219ti, au semnat o scrisoare de sus\u021binere a colegilor care au vorbit despre problemele sistemice din justi\u021bie. Printre semnatari se num\u0103r\u0103 \u0219i \u0219efa Parchetului European, Laura Codru\u021ba Kovesi.<\/p>\n<p>Inspec\u021bia Judiciar\u0103 a anun\u021bat deja c\u0103 face verific\u0103ri ca urmare a documentarului Recorder \u0219i a sesiz\u0103rii venite de la Sec\u021bia pentru Judec\u0103tori a Consiliului Superior al Magistraturii.<\/p>","protected":false},"excerpt":{"rendered":"<p>Ministrul Justi\u021biei, Radu Marinescu, a reac\u021bionat la tensiunile din sistemul judiciar generate de dezv\u0103luirile \u201eJusti\u0163ie&hellip;<\/p>\n","protected":false},"author":0,"featured_media":51872,"comment_status":"open","ping_status":"open","sticky":false,"template":"","format":"standard","meta":{"footnotes":""},"categories":[2],"tags":[],"class_list":["post-51877","post","type-post","status-publish","format-standard","has-post-thumbnail","hentry","category-actual"],"_links":{"self":[{"href":"https:\/\/247stiri.ro\/index.php\/wp-json\/wp\/v2\/posts\/51877","targetHints":{"allow":["GET"]}}],"collection":[{"href":"https:\/\/247stiri.ro\/index.php\/wp-json\/wp\/v2\/posts"}],"about":[{"href":"https:\/\/247stiri.ro\/index.php\/wp-json\/wp\/v2\/types\/post"}],"replies":[{"embeddable":true,"href":"https:\/\/247stiri.ro\/index.php\/wp-json\/wp\/v2\/comments?post=51877"}],"version-history":[{"count":0,"href":"https:\/\/247stiri.ro\/index.php\/wp-json\/wp\/v2\/posts\/51877\/revisions"}],"wp:featuredmedia":[{"embeddable":true,"href":"https:\/\/247stiri.ro\/index.php\/wp-json\/wp\/v2\/media\/51872"}],"wp:attachment":[{"href":"https:\/\/247stiri.ro\/index.php\/wp-json\/wp\/v2\/media?parent=51877"}],"wp:term":[{"taxonomy":"category","embeddable":true,"href":"https:\/\/247stiri.ro\/index.php\/wp-json\/wp\/v2\/categories?post=51877"},{"taxonomy":"post_tag","embeddable":true,"href":"https:\/\/247stiri.ro\/index.php\/wp-json\/wp\/v2\/tags?post=51877"}],"curies":[{"name":"wp","href":"https:\/\/api.w.org\/{rel}","templated":true}]}}