{"id":51885,"date":"2025-12-15T11:44:56","date_gmt":"2025-12-15T11:44:56","guid":{"rendered":"https:\/\/247stiri.ro\/index.php\/2025\/12\/15\/scandal-la-usr-se-cere-indepartarea-lui-vlad-voiculescu-rezistii-fierb-dupa-dezastrul-de-la-alegerile-locale\/"},"modified":"2025-12-15T11:44:56","modified_gmt":"2025-12-15T11:44:56","slug":"scandal-la-usr-se-cere-indepartarea-lui-vlad-voiculescu-rezistii-fierb-dupa-dezastrul-de-la-alegerile-locale","status":"publish","type":"post","link":"https:\/\/247stiri.ro\/index.php\/2025\/12\/15\/scandal-la-usr-se-cere-indepartarea-lui-vlad-voiculescu-rezistii-fierb-dupa-dezastrul-de-la-alegerile-locale\/","title":{"rendered":"Scandal la USR: se cere \u00eendep\u0103rtarea lui Vlad Voiculescu. Rezi\u0219tii fierb dup\u0103 dezastrul de la alegerile locale"},"content":{"rendered":"<p>Rezi\u0219tii \u00eel trag la r\u0103spundere pe Vlad Voiculescu dup\u0103 e\u0219ecul la alegeri<\/p>\n<p>Mai mult, cei din conducerea partidului sunt numi\u021bi: \u201egolani\u201d, iar de la filialele de sector se cere organizarea unei Conferin\u021be Municipale pentru a-l trage la r\u0103spundere pe <a href=\"https:\/\/www.realitatea.net\/stiri\/actual\/dosarele-cu-prejudicii-de-milioane-tinute-in-continuare-la-sertar-ce-se-intampla-cu-anchetatii-vlad-voiculescu-si-ludovic-orban_693c0c123c448c2d1a01dc47\" target=\"_blank\">Vlad Voiculescu.<\/a><\/p>\n<p>Rezi\u0219tii \u00eel consider\u0103 unul dintre <a href=\"https:\/\/www.realitatea.net\/stiri\/actual\/dosarul-vaccinurilor-din-pandemie-bate-pasul-pe-loc-cum-pierde-statul-un-miliard-de-euro_69288dce6050f5668573afa3\" target=\"_blank\">principalii vinova\u021bi<\/a> pentru rezultatul foarte slab ob\u021binut de C\u0103t\u0103lin Drul\u0103 la Prim\u0103ria Capitalei.<\/p>","protected":false},"excerpt":{"rendered":"<p>Rezi\u0219tii \u00eel trag la r\u0103spundere pe Vlad Voiculescu dup\u0103 e\u0219ecul la alegeri Mai mult, cei&hellip;<\/p>\n","protected":false},"author":0,"featured_media":51886,"comment_status":"open","ping_status":"open","sticky":false,"template":"","format":"standard","meta":{"footnotes":""},"categories":[3],"tags":[],"class_list":["post-51885","post","type-post","status-publish","format-standard","has-post-thumbnail","hentry","category-politica"],"_links":{"self":[{"href":"https:\/\/247stiri.ro\/index.php\/wp-json\/wp\/v2\/posts\/51885","targetHints":{"allow":["GET"]}}],"collection":[{"href":"https:\/\/247stiri.ro\/index.php\/wp-json\/wp\/v2\/posts"}],"about":[{"href":"https:\/\/247stiri.ro\/index.php\/wp-json\/wp\/v2\/types\/post"}],"replies":[{"embeddable":true,"href":"https:\/\/247stiri.ro\/index.php\/wp-json\/wp\/v2\/comments?post=51885"}],"version-history":[{"count":0,"href":"https:\/\/247stiri.ro\/index.php\/wp-json\/wp\/v2\/posts\/51885\/revisions"}],"wp:featuredmedia":[{"embeddable":true,"href":"https:\/\/247stiri.ro\/index.php\/wp-json\/wp\/v2\/media\/51886"}],"wp:attachment":[{"href":"https:\/\/247stiri.ro\/index.php\/wp-json\/wp\/v2\/media?parent=51885"}],"wp:term":[{"taxonomy":"category","embeddable":true,"href":"https:\/\/247stiri.ro\/index.php\/wp-json\/wp\/v2\/categories?post=51885"},{"taxonomy":"post_tag","embeddable":true,"href":"https:\/\/247stiri.ro\/index.php\/wp-json\/wp\/v2\/tags?post=51885"}],"curies":[{"name":"wp","href":"https:\/\/api.w.org\/{rel}","templated":true}]}}