{"id":5189,"date":"2024-11-06T19:44:49","date_gmt":"2024-11-06T19:44:49","guid":{"rendered":"https:\/\/247stiri.ro\/index.php\/2024\/11\/06\/ciuca-pot-garanta-ca-in-acest-moment-ilie-bolojan-nu-doar-ca-ma-sustine-dar-este-in-echipa-pnl-pentru-tot-ceea-ce-inseamna-campania-la-prezidentiale-si-campania-la-parlamentare\/"},"modified":"2024-11-06T19:44:49","modified_gmt":"2024-11-06T19:44:49","slug":"ciuca-pot-garanta-ca-in-acest-moment-ilie-bolojan-nu-doar-ca-ma-sustine-dar-este-in-echipa-pnl-pentru-tot-ceea-ce-inseamna-campania-la-prezidentiale-si-campania-la-parlamentare","status":"publish","type":"post","link":"https:\/\/247stiri.ro\/index.php\/2024\/11\/06\/ciuca-pot-garanta-ca-in-acest-moment-ilie-bolojan-nu-doar-ca-ma-sustine-dar-este-in-echipa-pnl-pentru-tot-ceea-ce-inseamna-campania-la-prezidentiale-si-campania-la-parlamentare\/","title":{"rendered":"Ciuc\u0103: Pot garanta c\u0103 \u00een acest moment Ilie Bolojan nu doar c\u0103 m\u0103 sus\u021bine, dar este \u00een echipa PNL pentru tot ceea ce \u00eenseamn\u0103 campania la preziden\u021biale \u0219i campania la parlamentare"},"content":{"rendered":"<p>\u201cNoi p\u00e2n\u0103 \u00een acest moment nu am propus pe nimeni, au propus al\u021bii \u0219i to\u021bi folosesc acela\u0219i nume (Ilie Bolojan \u2013 N.R.). De aceea am spus c\u0103-mi este foarte u\u0219or. \u00cemi doresc s\u0103 avem un guvern \u00een jurul Partidului Na\u021bional Liberal. \u00cemi doresc s\u0103 avem o alian\u021b\u0103 guvernamental\u0103 \u0219i o majoritate parlamentar\u0103 de centru-dreapta, pentru c\u0103 doar prin aceste politici liberale \u0219i de dreapta putem s\u0103 \u00eendeplinim \u0219i s\u0103 punem \u00een aplicare programul nostru\u201d, a afirmat Nicolae Ciuc\u0103.<\/p>\n<p>\u00centrebat dac\u0103 Ilie Bolojan este propunerea PNL de premier, liderul partidului a afirmat \u201dv\u0103 pot garanta c\u0103 \u00een acest moment Ilie Bolojan, nu doar c\u0103 m\u0103 sus\u021bine, este \u00een echipa Partidului Na\u021bional Liberal pentru tot ceea ce \u00eenseamn\u0103 campania la preziden\u021biale \u0219i campania la parlamentare\u201d.<\/p>\n<p>Chiar \u0219i dac\u0103 dup\u0103 alegeri majoritatea va fi construit\u0103 \u00een jurul PSD \u0219i premierul propus va fi Marcel Ciolacu, \u00een condi\u021biile \u00een care Nicolae Ciuc\u0103 va fi pre\u0219edinte \u00eel va propune tot pe Ilie Bolojan premier, preciz\u00e2nd c\u0103 \u201cMarcel Ciolacu a zis c\u0103-l vrea pe dl. Bolojan\u201d.<\/p>","protected":false},"excerpt":{"rendered":"<p>\u201cNoi p\u00e2n\u0103 \u00een acest moment nu am propus pe nimeni, au propus al\u021bii \u0219i to\u021bi&hellip;<\/p>\n","protected":false},"author":0,"featured_media":5180,"comment_status":"open","ping_status":"open","sticky":false,"template":"","format":"standard","meta":{"footnotes":""},"categories":[2],"tags":[],"class_list":["post-5189","post","type-post","status-publish","format-standard","has-post-thumbnail","hentry","category-actual"],"_links":{"self":[{"href":"https:\/\/247stiri.ro\/index.php\/wp-json\/wp\/v2\/posts\/5189","targetHints":{"allow":["GET"]}}],"collection":[{"href":"https:\/\/247stiri.ro\/index.php\/wp-json\/wp\/v2\/posts"}],"about":[{"href":"https:\/\/247stiri.ro\/index.php\/wp-json\/wp\/v2\/types\/post"}],"replies":[{"embeddable":true,"href":"https:\/\/247stiri.ro\/index.php\/wp-json\/wp\/v2\/comments?post=5189"}],"version-history":[{"count":0,"href":"https:\/\/247stiri.ro\/index.php\/wp-json\/wp\/v2\/posts\/5189\/revisions"}],"wp:featuredmedia":[{"embeddable":true,"href":"https:\/\/247stiri.ro\/index.php\/wp-json\/wp\/v2\/media\/5180"}],"wp:attachment":[{"href":"https:\/\/247stiri.ro\/index.php\/wp-json\/wp\/v2\/media?parent=5189"}],"wp:term":[{"taxonomy":"category","embeddable":true,"href":"https:\/\/247stiri.ro\/index.php\/wp-json\/wp\/v2\/categories?post=5189"},{"taxonomy":"post_tag","embeddable":true,"href":"https:\/\/247stiri.ro\/index.php\/wp-json\/wp\/v2\/tags?post=5189"}],"curies":[{"name":"wp","href":"https:\/\/api.w.org\/{rel}","templated":true}]}}