{"id":51894,"date":"2025-12-15T11:45:01","date_gmt":"2025-12-15T11:45:01","guid":{"rendered":"https:\/\/247stiri.ro\/index.php\/2025\/12\/15\/moarte-suspecta-in-timisoara-un-adolescent-de-18-ani-a-fost-gasit-mort-in-pat-la-cateva-ore-dupa-ce-s-a-intors-de-la-un-majorat\/"},"modified":"2025-12-15T11:45:01","modified_gmt":"2025-12-15T11:45:01","slug":"moarte-suspecta-in-timisoara-un-adolescent-de-18-ani-a-fost-gasit-mort-in-pat-la-cateva-ore-dupa-ce-s-a-intors-de-la-un-majorat","status":"publish","type":"post","link":"https:\/\/247stiri.ro\/index.php\/2025\/12\/15\/moarte-suspecta-in-timisoara-un-adolescent-de-18-ani-a-fost-gasit-mort-in-pat-la-cateva-ore-dupa-ce-s-a-intors-de-la-un-majorat\/","title":{"rendered":"Moarte suspect\u0103 \u00een Timi\u0219oara: un adolescent de 18 ani a fost g\u0103sit mort \u00een pat, la c\u00e2teva ore dup\u0103 ce s-a \u00eentors de la un majorat"},"content":{"rendered":"<p>Marco a murit dup\u0103 ce s-a \u00eentors de la o petrecere<\/p>\n<p><a href=\"https:\/\/www.realitatea.net\/stiri\/sport\/doliu-in-sport-o-tanara-de-19-ani-a-murit-dupa-ce-a-urmat-trendul-diavolul-de-pe-tiktok_693c2d980f243f2f091299f3\" target=\"_blank\">Incidentul s-a petrecut<\/a> s\u00e2mb\u0103t\u0103, 13 decembrie 2025. \u00cen noaptea precedent\u0103, adolescentul participase la un majorat, iar \u00een jurul orei 06:00 diminea\u021ba s-a \u00eentors acas\u0103. Potrivit apropia\u021bilor, t\u00e2n\u0103rul i-a cerut mamei sale s\u0103 \u00eei preg\u0103teasc\u0103 ceva de m\u00e2ncare, apoi s-a retras \u00een camera lui pentru a se odihni.<\/p>\n<p>Femeia i-a l\u0103sat gustarea \u00een camer\u0103 \u0219i a plecat ulterior de acas\u0103. La \u00eentoarcere, \u00een jurul orei 16:00, a avut parte de un \u0219oc greu de descris: fiul ei era incon\u0219tient, iar din m\u00e2ncarea preg\u0103tit\u0103 fusese atins doar foarte pu\u021bin. Speriat\u0103, aceasta a alertat imediat autorit\u0103\u021bile.<\/p>\n<p>La fa\u021ba locului au intervenit echipaje de poli\u021bie \u0219i salvare, care au constatat decesul t\u00e2n\u0103rului. Conform informa\u021biilor transmise de Inspectoratul de Poli\u021bie Jude\u021bean Timi\u0219, pe corpul acestuia nu au fost identificate urme de violen\u021b\u0103. Trupul ne\u00eensufle\u021bit a fost transportat la Institutul de Medicin\u0103 Legal\u0103 din Timi\u0219oara, unde urmeaz\u0103 s\u0103 fie efectuat\u0103 necropsia pentru stabilirea cauzei exacte a mor\u021bii.<\/p>\n<p>\u201eLa data de 13 decembrie 2025, \u00een jurul orei 16:15, poli\u021bi\u0219tii Sec\u021biei 2 Urbane Timi\u0219oara au fost sesiza\u021bi cu privire la g\u0103sirea unei persoane decedate \u00eentr-un imobil din municipiu. A fost identificat un t\u00e2n\u0103r de 18 ani, descoperit de mama sa. \u00cen cauz\u0103 a fost deschis un dosar penal pentru ucidere din culp\u0103\u201d, au precizat reprezentan\u021bii IPJ Timi\u0219.<\/p>\n<p>Adolescentul era elev al Liceului \u201eNikolaus Lenau\u201d din Timi\u0219oara, iar vestea mor\u021bii sale a provocat un val de emo\u021bie \u0219i triste\u021be \u00een r\u00e2ndul colegilor, profesorilor \u0219i al comunit\u0103\u021bii \u0219colare. Conducerea unit\u0103\u021bii de \u00eenv\u0103\u021b\u0103m\u00e2nt a transmis un mesaj de condolean\u021be familiei \u00eendoliate, exprim\u00e2nd durerea \u0219i \u0219ocul resim\u021bite de \u00eentreaga comunitate.<\/p>\n<p><a href=\"https:\/\/www.realitatea.net\/stiri\/actual\/al-doilea-medic-mort-renumitul-reumatolog-relu-liviu-craciun-a-incetat-din-viata_6939e063229c21196b0ed172\" target=\"_blank\">Dispari\u021bia fulger\u0103toare<\/a> a t\u00e2n\u0103rului a l\u0103sat \u00een urm\u0103 mult\u0103 suferin\u021b\u0103 \u0219i numeroase \u00eentreb\u0103ri, la care ancheta medical\u0103 \u0219i cea a autorit\u0103\u021bilor urmeaz\u0103 s\u0103 ofere r\u0103spunsuri.<\/p>","protected":false},"excerpt":{"rendered":"<p>Marco a murit dup\u0103 ce s-a \u00eentors de la o petrecere Incidentul s-a petrecut s\u00e2mb\u0103t\u0103,&hellip;<\/p>\n","protected":false},"author":0,"featured_media":51895,"comment_status":"open","ping_status":"open","sticky":false,"template":"","format":"standard","meta":{"footnotes":""},"categories":[2],"tags":[],"class_list":["post-51894","post","type-post","status-publish","format-standard","has-post-thumbnail","hentry","category-actual"],"_links":{"self":[{"href":"https:\/\/247stiri.ro\/index.php\/wp-json\/wp\/v2\/posts\/51894","targetHints":{"allow":["GET"]}}],"collection":[{"href":"https:\/\/247stiri.ro\/index.php\/wp-json\/wp\/v2\/posts"}],"about":[{"href":"https:\/\/247stiri.ro\/index.php\/wp-json\/wp\/v2\/types\/post"}],"replies":[{"embeddable":true,"href":"https:\/\/247stiri.ro\/index.php\/wp-json\/wp\/v2\/comments?post=51894"}],"version-history":[{"count":0,"href":"https:\/\/247stiri.ro\/index.php\/wp-json\/wp\/v2\/posts\/51894\/revisions"}],"wp:featuredmedia":[{"embeddable":true,"href":"https:\/\/247stiri.ro\/index.php\/wp-json\/wp\/v2\/media\/51895"}],"wp:attachment":[{"href":"https:\/\/247stiri.ro\/index.php\/wp-json\/wp\/v2\/media?parent=51894"}],"wp:term":[{"taxonomy":"category","embeddable":true,"href":"https:\/\/247stiri.ro\/index.php\/wp-json\/wp\/v2\/categories?post=51894"},{"taxonomy":"post_tag","embeddable":true,"href":"https:\/\/247stiri.ro\/index.php\/wp-json\/wp\/v2\/tags?post=51894"}],"curies":[{"name":"wp","href":"https:\/\/api.w.org\/{rel}","templated":true}]}}