{"id":5190,"date":"2024-11-06T19:44:49","date_gmt":"2024-11-06T19:44:49","guid":{"rendered":"https:\/\/247stiri.ro\/index.php\/2024\/11\/06\/nicolae-ciuca-despre-sansele-elenei-lasconi-la-fotoliul-de-presedinte-nu-are-atributele-necesare-oricat-de-mult-ar-consulta-google-chat-gpt\/"},"modified":"2024-11-06T19:44:49","modified_gmt":"2024-11-06T19:44:49","slug":"nicolae-ciuca-despre-sansele-elenei-lasconi-la-fotoliul-de-presedinte-nu-are-atributele-necesare-oricat-de-mult-ar-consulta-google-chat-gpt","status":"publish","type":"post","link":"https:\/\/247stiri.ro\/index.php\/2024\/11\/06\/nicolae-ciuca-despre-sansele-elenei-lasconi-la-fotoliul-de-presedinte-nu-are-atributele-necesare-oricat-de-mult-ar-consulta-google-chat-gpt\/","title":{"rendered":"Nicolae Ciuc\u0103, despre \u0219ansele Elenei Lasconi la fotoliul de pre\u0219edinte: \u201eNu are atributele necesare, oric\u00e2t de mult ar consulta Google, Chat GPT\u201d"},"content":{"rendered":"<p>\u00cen ceea ce o prive\u0219te pe Elena Lasconi, Ciuc\u0103 sugereaz\u0103 c\u0103, de\u0219i candidatul USR face un efort de a se prezenta ca o op\u021biune viabil\u0103, \u00eei lipse\u0219te experien\u021ba \u0219i competen\u021bele necesare pentru a \u00eendeplini func\u021bia de pre\u0219edinte.<\/p>\n<p>\u201eDoamna Elena Lasconi face un exerci\u021biu de candidatur\u0103, nu are atributele necesare, oricat de mult ar consulta Google, Chat GPT, nu i-ar folosi pentru \u00eendeplinirea func\u021biei de pre\u0219edinte\u201d, a spus liderul liberal \u00een cadrul unui interviu.<\/p>\n<p>Ciuc\u0103 \u00ee\u0219i \u00eendreapt\u0103 aten\u021bia c\u0103tre aleg\u0103torii USR, f\u0103c\u00e2nd un apel la con\u0219tientizarea importan\u021bei votului util. Aici, mesajul s\u0103u promoveaz\u0103 ideea de responsabilitate electoral\u0103, subliniind riscul ca voturile s\u0103 fie irosite, ceea ce ar duce, \u00een opinia sa, la promovarea binomuli PSD \u0219i AUR \u00een turul doi al alegerilor.<\/p>\n<p>\u201eM\u0103 adresez aleg\u0103torilor USR sa vada necesitatea votului util, dac\u0103 irosim voturile atunci nu facem decat sa aducem binomul PSD &#8211; AUR in turul 2\u201d, a spus Nicolae Ciuc\u0103.<\/p>\n<p>\u00a0<\/p>","protected":false},"excerpt":{"rendered":"<p>\u00cen ceea ce o prive\u0219te pe Elena Lasconi, Ciuc\u0103 sugereaz\u0103 c\u0103, de\u0219i candidatul USR face&hellip;<\/p>\n","protected":false},"author":0,"featured_media":5182,"comment_status":"open","ping_status":"open","sticky":false,"template":"","format":"standard","meta":{"footnotes":""},"categories":[2],"tags":[],"class_list":["post-5190","post","type-post","status-publish","format-standard","has-post-thumbnail","hentry","category-actual"],"_links":{"self":[{"href":"https:\/\/247stiri.ro\/index.php\/wp-json\/wp\/v2\/posts\/5190","targetHints":{"allow":["GET"]}}],"collection":[{"href":"https:\/\/247stiri.ro\/index.php\/wp-json\/wp\/v2\/posts"}],"about":[{"href":"https:\/\/247stiri.ro\/index.php\/wp-json\/wp\/v2\/types\/post"}],"replies":[{"embeddable":true,"href":"https:\/\/247stiri.ro\/index.php\/wp-json\/wp\/v2\/comments?post=5190"}],"version-history":[{"count":0,"href":"https:\/\/247stiri.ro\/index.php\/wp-json\/wp\/v2\/posts\/5190\/revisions"}],"wp:featuredmedia":[{"embeddable":true,"href":"https:\/\/247stiri.ro\/index.php\/wp-json\/wp\/v2\/media\/5182"}],"wp:attachment":[{"href":"https:\/\/247stiri.ro\/index.php\/wp-json\/wp\/v2\/media?parent=5190"}],"wp:term":[{"taxonomy":"category","embeddable":true,"href":"https:\/\/247stiri.ro\/index.php\/wp-json\/wp\/v2\/categories?post=5190"},{"taxonomy":"post_tag","embeddable":true,"href":"https:\/\/247stiri.ro\/index.php\/wp-json\/wp\/v2\/tags?post=5190"}],"curies":[{"name":"wp","href":"https:\/\/api.w.org\/{rel}","templated":true}]}}