{"id":51902,"date":"2025-12-15T12:45:15","date_gmt":"2025-12-15T12:45:15","guid":{"rendered":"https:\/\/247stiri.ro\/index.php\/2025\/12\/15\/traian-basescu-ii-ataca-pe-magistratii-revoltati-cand-accepta-sa-fie-slugi-devin-slugi\/"},"modified":"2025-12-15T12:45:15","modified_gmt":"2025-12-15T12:45:15","slug":"traian-basescu-ii-ataca-pe-magistratii-revoltati-cand-accepta-sa-fie-slugi-devin-slugi","status":"publish","type":"post","link":"https:\/\/247stiri.ro\/index.php\/2025\/12\/15\/traian-basescu-ii-ataca-pe-magistratii-revoltati-cand-accepta-sa-fie-slugi-devin-slugi\/","title":{"rendered":"Traian B\u0103sescu \u00eei atac\u0103 pe magistra\u021bii revolta\u021bi: \u201eC\u00e2nd accept\u0103 s\u0103 fie slugi, devin slugi!\u201d"},"content":{"rendered":"<p>B\u0103sescu \u00eei atac\u0103 pe magistra\u021bi<\/p>\n<p><a href=\"https:\/\/www.realitatea.net\/stiri\/politica\/traian-basescu-am-preluat-statul-paralel-de-la-psd-klaus-iohannis-nu-exista-stat-paralel-eu-sunt-statul_6939d40b0da97c461412acf2\" target=\"_blank\">Fostul oficial<\/a> a precizat c\u0103 este nevoie de modificarea legilor din domeniul justi\u021biei.<\/p>\n<p>Acesta a declarat c\u0103 protestele care au avut loc \u00een ultimele zile arat\u0103 c\u0103 justi\u021bia este o prioritate pentru popor. Traian B\u0103sescu a ad\u0103ugat c\u0103 legile lui C\u0103t\u0103lin Predoiu sunt: &#8222;o prostie&#8221; \u0219i c\u0103 trebuie prin legi s\u0103 se limiteze autoritatea \u0219efilor din instan\u021be.<\/p>\n<p><a href=\"https:\/\/www.realitatea.net\/stiri\/politica\/fost-presedinte-avertisment-despre-falimentul-romaniei-vom-ajunge-in-situatia-greciei_693922160fdf5504b57cec72\" target=\"_blank\">B\u0103sescu a recunoscut<\/a> recent c\u0103 pe vremea Laurei Codru\u021ba Kovesi, dosarele erau fabricate la comand\u0103.<\/p>","protected":false},"excerpt":{"rendered":"<p>B\u0103sescu \u00eei atac\u0103 pe magistra\u021bi Fostul oficial a precizat c\u0103 este nevoie de modificarea legilor&hellip;<\/p>\n","protected":false},"author":0,"featured_media":51903,"comment_status":"open","ping_status":"open","sticky":false,"template":"","format":"standard","meta":{"footnotes":""},"categories":[3],"tags":[],"class_list":["post-51902","post","type-post","status-publish","format-standard","has-post-thumbnail","hentry","category-politica"],"_links":{"self":[{"href":"https:\/\/247stiri.ro\/index.php\/wp-json\/wp\/v2\/posts\/51902","targetHints":{"allow":["GET"]}}],"collection":[{"href":"https:\/\/247stiri.ro\/index.php\/wp-json\/wp\/v2\/posts"}],"about":[{"href":"https:\/\/247stiri.ro\/index.php\/wp-json\/wp\/v2\/types\/post"}],"replies":[{"embeddable":true,"href":"https:\/\/247stiri.ro\/index.php\/wp-json\/wp\/v2\/comments?post=51902"}],"version-history":[{"count":0,"href":"https:\/\/247stiri.ro\/index.php\/wp-json\/wp\/v2\/posts\/51902\/revisions"}],"wp:featuredmedia":[{"embeddable":true,"href":"https:\/\/247stiri.ro\/index.php\/wp-json\/wp\/v2\/media\/51903"}],"wp:attachment":[{"href":"https:\/\/247stiri.ro\/index.php\/wp-json\/wp\/v2\/media?parent=51902"}],"wp:term":[{"taxonomy":"category","embeddable":true,"href":"https:\/\/247stiri.ro\/index.php\/wp-json\/wp\/v2\/categories?post=51902"},{"taxonomy":"post_tag","embeddable":true,"href":"https:\/\/247stiri.ro\/index.php\/wp-json\/wp\/v2\/tags?post=51902"}],"curies":[{"name":"wp","href":"https:\/\/api.w.org\/{rel}","templated":true}]}}