{"id":5191,"date":"2024-11-06T19:44:49","date_gmt":"2024-11-06T19:44:49","guid":{"rendered":"https:\/\/247stiri.ro\/index.php\/2024\/11\/06\/ciuca-il-face-praf-pe-ciolacu-este-in-stare-de-orice-sa-intre-in-turul-2-cu-simion-ciolacu-si-psd-au-demonstrat-ca-atunci-cand-au-puterea-vor-si-mai-mult\/"},"modified":"2024-11-06T19:44:49","modified_gmt":"2024-11-06T19:44:49","slug":"ciuca-il-face-praf-pe-ciolacu-este-in-stare-de-orice-sa-intre-in-turul-2-cu-simion-ciolacu-si-psd-au-demonstrat-ca-atunci-cand-au-puterea-vor-si-mai-mult","status":"publish","type":"post","link":"https:\/\/247stiri.ro\/index.php\/2024\/11\/06\/ciuca-il-face-praf-pe-ciolacu-este-in-stare-de-orice-sa-intre-in-turul-2-cu-simion-ciolacu-si-psd-au-demonstrat-ca-atunci-cand-au-puterea-vor-si-mai-mult\/","title":{"rendered":"Ciuc\u0103 \u00eel face praf pe Ciolacu: Este \u00een stare de orice s\u0103 intre \u00een turul 2 cu Simion. Ciolacu \u0219i PSD au demonstrat c\u0103 atunci c\u00e2nd au puterea vor \u0219i mai mult"},"content":{"rendered":"<p>\u00centrebat cum ar arat\u0103 Rom\u00e2nia cu Marcel Ciolacu pre\u0219edinte, Nicolae Ciuc\u0103 a afirmat c\u0103 nu se va \u00eent\u00e2mpla, dar c\u0103 ar fi &#8222;ca o \u00eentoarcere \u00een timp&#8221;, iar Rom\u00e2nia nu se mai poate \u00eentoarce \u00een vremurile de trist\u0103 amintire ale partidului-stat condus de Ceau\u0219escu.<\/p>\n<p>&#8222;Marcel Ciolacu \u00eempreun\u0103 cu PSD au demonstrat c\u0103 atunci c\u00e2nd au puterea vor \u0219i mai mult. A demonstrat c\u0103 este \u00een stare de orice ca s\u0103 intre-n turul 2 cu George Simion, am v\u0103zut binomul c\u00e2t se poate de toxic PSD- AUR, \u00eel are \u00een spate \u0219i pe domnul Hrebenciuc&#8221;, a declarat Nicolae Ciuc\u0103.<\/p>\n<p>&#8222;Cred c\u0103 toate aceste tr\u0103iri, de calificarea profesionale, nu \u00eel calific\u0103 (pe Marcel Ciolacu &#8211; N.R.) s\u0103 fie pre\u0219edintele Rom\u00e2niei&#8221;, a mai precizat liderul PNL.<\/p>","protected":false},"excerpt":{"rendered":"<p>\u00centrebat cum ar arat\u0103 Rom\u00e2nia cu Marcel Ciolacu pre\u0219edinte, Nicolae Ciuc\u0103 a afirmat c\u0103 nu&hellip;<\/p>\n","protected":false},"author":0,"featured_media":5184,"comment_status":"open","ping_status":"open","sticky":false,"template":"","format":"standard","meta":{"footnotes":""},"categories":[2],"tags":[],"class_list":["post-5191","post","type-post","status-publish","format-standard","has-post-thumbnail","hentry","category-actual"],"_links":{"self":[{"href":"https:\/\/247stiri.ro\/index.php\/wp-json\/wp\/v2\/posts\/5191","targetHints":{"allow":["GET"]}}],"collection":[{"href":"https:\/\/247stiri.ro\/index.php\/wp-json\/wp\/v2\/posts"}],"about":[{"href":"https:\/\/247stiri.ro\/index.php\/wp-json\/wp\/v2\/types\/post"}],"replies":[{"embeddable":true,"href":"https:\/\/247stiri.ro\/index.php\/wp-json\/wp\/v2\/comments?post=5191"}],"version-history":[{"count":0,"href":"https:\/\/247stiri.ro\/index.php\/wp-json\/wp\/v2\/posts\/5191\/revisions"}],"wp:featuredmedia":[{"embeddable":true,"href":"https:\/\/247stiri.ro\/index.php\/wp-json\/wp\/v2\/media\/5184"}],"wp:attachment":[{"href":"https:\/\/247stiri.ro\/index.php\/wp-json\/wp\/v2\/media?parent=5191"}],"wp:term":[{"taxonomy":"category","embeddable":true,"href":"https:\/\/247stiri.ro\/index.php\/wp-json\/wp\/v2\/categories?post=5191"},{"taxonomy":"post_tag","embeddable":true,"href":"https:\/\/247stiri.ro\/index.php\/wp-json\/wp\/v2\/tags?post=5191"}],"curies":[{"name":"wp","href":"https:\/\/api.w.org\/{rel}","templated":true}]}}