{"id":51921,"date":"2025-12-15T13:45:13","date_gmt":"2025-12-15T13:45:13","guid":{"rendered":"https:\/\/247stiri.ro\/index.php\/2025\/12\/15\/george-simion-atac-dur-in-parlament-dati-va-demisia-domnule-bolojan\/"},"modified":"2025-12-15T13:45:13","modified_gmt":"2025-12-15T13:45:13","slug":"george-simion-atac-dur-in-parlament-dati-va-demisia-domnule-bolojan","status":"publish","type":"post","link":"https:\/\/247stiri.ro\/index.php\/2025\/12\/15\/george-simion-atac-dur-in-parlament-dati-va-demisia-domnule-bolojan\/","title":{"rendered":"George Simion, atac dur \u00een Parlament: \u201eDa\u021bi-v\u0103 demisia, domnule Bolojan!\u201d"},"content":{"rendered":"<p>&#8222;Ne vorbi\u021bi de o colectare mai bun\u0103, dar \u00een urma m\u0103ririi taxelor de c\u0103tre dvs a\u021bi avut o colectare mai proast\u0103 \u0219i a\u021bi desfiin\u021bat multe firme, inclusiv la Bihor, \u0219i a\u021bi desfiin\u021bat multe locuri de munc\u0103. \u00cen loc s\u0103 t\u0103ia\u021bi doar de la nevoia\u0219i, putea\u021bi s\u0103 veni\u021bi cu un program de relansare economic\u0103, care s-a l\u0103sat foarte mult a\u0219teptat, dar nu a mai venit. \u00cen loc s\u0103 v\u0103 \u021bin\u0103 PSD \u00eenc\u0103 6 luni la guvernare &#8211; \u00een care dvs falimenta\u021bi Rom\u00e2nia &#8211; poate economisim timpul rom\u00e2nilor \u0219i nu ne mai batem joc cu ni\u0219te solu\u021bii care nu sunt solu\u021bii.<\/p>\n<p>Da\u021bi-v\u0103 demisia, dl Bolojan, dac\u0103 nu sunte\u021bi \u00een stare. \u0218i dac\u0103 crede\u021bi dvs c\u0103 sunte\u021bi \u00een stare, s\u0103 \u0219ti\u021bi c\u0103 noi suntem aici pentru a vota trecerea la 300 de parlamentari, nu la 400 \u0219i un pic; pentru a t\u0103ia banii de la partide; pentru a reveni la alegerea primarilor \u00een dou\u0103 tururi; pentru a sc\u0103pa de evaziunea fiscal\u0103 prin taxarea invers\u0103 a TVA-ului, singura solu\u021bie viabil\u0103. Aplica\u021bi solu\u021bii pentru c\u0103 alternativa exist\u0103 doar dvs sunte\u021bi prea slab ca s\u0103 o aplica\u021bi. V\u0103 mul\u021bumesc!&#8221;, a declarat liderul AUR George Simion de la tribuna Parlamentului.\u00a0<\/p>\n<p>\u00a0<\/p>","protected":false},"excerpt":{"rendered":"<p>&#8222;Ne vorbi\u021bi de o colectare mai bun\u0103, dar \u00een urma m\u0103ririi taxelor de c\u0103tre dvs&hellip;<\/p>\n","protected":false},"author":0,"featured_media":51922,"comment_status":"open","ping_status":"open","sticky":false,"template":"","format":"standard","meta":{"footnotes":""},"categories":[3],"tags":[],"class_list":["post-51921","post","type-post","status-publish","format-standard","has-post-thumbnail","hentry","category-politica"],"_links":{"self":[{"href":"https:\/\/247stiri.ro\/index.php\/wp-json\/wp\/v2\/posts\/51921","targetHints":{"allow":["GET"]}}],"collection":[{"href":"https:\/\/247stiri.ro\/index.php\/wp-json\/wp\/v2\/posts"}],"about":[{"href":"https:\/\/247stiri.ro\/index.php\/wp-json\/wp\/v2\/types\/post"}],"replies":[{"embeddable":true,"href":"https:\/\/247stiri.ro\/index.php\/wp-json\/wp\/v2\/comments?post=51921"}],"version-history":[{"count":0,"href":"https:\/\/247stiri.ro\/index.php\/wp-json\/wp\/v2\/posts\/51921\/revisions"}],"wp:featuredmedia":[{"embeddable":true,"href":"https:\/\/247stiri.ro\/index.php\/wp-json\/wp\/v2\/media\/51922"}],"wp:attachment":[{"href":"https:\/\/247stiri.ro\/index.php\/wp-json\/wp\/v2\/media?parent=51921"}],"wp:term":[{"taxonomy":"category","embeddable":true,"href":"https:\/\/247stiri.ro\/index.php\/wp-json\/wp\/v2\/categories?post=51921"},{"taxonomy":"post_tag","embeddable":true,"href":"https:\/\/247stiri.ro\/index.php\/wp-json\/wp\/v2\/tags?post=51921"}],"curies":[{"name":"wp","href":"https:\/\/api.w.org\/{rel}","templated":true}]}}