{"id":51929,"date":"2025-12-15T13:45:17","date_gmt":"2025-12-15T13:45:17","guid":{"rendered":"https:\/\/247stiri.ro\/index.php\/2025\/12\/15\/presedintele-senatului-despre-motiunea-de-cenzura-reprezinta-un-test-pentru-coalitie\/"},"modified":"2025-12-15T13:45:17","modified_gmt":"2025-12-15T13:45:17","slug":"presedintele-senatului-despre-motiunea-de-cenzura-reprezinta-un-test-pentru-coalitie","status":"publish","type":"post","link":"https:\/\/247stiri.ro\/index.php\/2025\/12\/15\/presedintele-senatului-despre-motiunea-de-cenzura-reprezinta-un-test-pentru-coalitie\/","title":{"rendered":"Pre\u0219edintele Senatului, despre mo\u021biunea de cenzur\u0103: \u201dReprezint\u0103 un test pentru coali\u0163ie\u201d"},"content":{"rendered":"<p>\u201dA\u015fa cum am spus \u015fi la celelalte mo\u0163iuni, fiecare mo\u0163iune de cenzur\u0103, \u00een special mo\u0163iunile de cenzur\u0103, reprezint\u0103 un test pentru coali\u0163ie. Nu cred c\u0103 vor exista probleme, nu cred c\u0103 vor exista parlamentari din cadrul coali\u0163iei de guvernare care s\u0103 voteze o mo\u0163iune de cenzur\u0103 \u00eempotriva guvernului, sus\u0163inut de aceast\u0103 coali\u0163ie. Este un demers politic, dar inutil \u015fi f\u0103r\u0103 nicio finalitate, \u00een afar\u0103 de a genera dezbateri \u00een Parlament, nu va exista alt rezultat\u201d, a spus <a href=\"https:\/\/www.realitatea.net\/stiri\/politica\/presedintele-senatului-apel-la-nicusor-dan-sa-explice-anularea-alegerilor_693139cb446f45471605520d\" target=\"_blank\">Mircea Abrudean<\/a>, la Senat.<\/p>\n<p>C\u00e2t despre ipoteza \u00een care unii parlamentari din coali\u0163ie ar vota mo\u0163iunea de cenzur\u0103, pre\u0219dintele Senatului a men\u021bionat c\u0103 \u201deste un semnal prost dac\u0103 exist\u0103 astfel de manifest\u0103ri, dar el nu crede c\u0103 vor exista\u201d.<\/p>\n<p>\u201dOrice nemul\u0163umire a oric\u0103rui parlamentar, membru al acestei coali\u0163ii, se poate gestiona prin dialog, nu prin manifest\u0103ri la vot \u00een cazul unei mo\u0163iuni de cenzur\u0103. Dar, repet, nu cred c\u0103 vom ajunge aici\u201d, a subliniat Abrudean. Despre situa\u0163ia din interiorul coali\u0163iei, dup\u0103 rezultatele de la alegerile locale par\u0163iale din Capital\u0103, Mircea Abrudean a afirmat c\u0103 \u00een coali\u0163ie \u201dlucrurile ar trebui s\u0103 mearg\u0103 \u00eenainte, pentru c\u0103 oamenii rom\u00e2ni a\u015fteapt\u0103 de la ei solu\u0163ii, nu a\u015fteapt\u0103 dezbateri, discu\u0163ii \u015fi certuri\u201d. \u201dCu siguran\u0163\u0103 un semnal de stabilitate trebuie s\u0103 existe, aceast\u0103 coali\u0163ie trebuie s\u0103 mearg\u0103 \u00eenainte \u015fi asta se va vedea \u015fi ast\u0103zi la mo\u0163iunea de cenzur\u0103\u201d, a ar\u0103tat el.<\/p>\n<p>Abrudean a infirmat \u015fi un posibil vot pentru mo\u0163iunea simpl\u0103 \u00eempotriva Dianei Buzoianu, de la USR, din partea senatorilor PNL.<\/p>\n<p>\u201dNu \u015ftiu s\u0103 existe voci din PNL sau colegi din PNL care ar dori s\u0103 sus\u0163in\u0103 o astfel de mo\u0163iune, noi am fost constan\u0163i \u00een aceast\u0103 abordare. C\u00e2t\u0103 vreme suntem \u00eentr-o coali\u0163ie, evident c\u0103 nu vom sus\u0163ine niciodat\u0103 o mo\u0163iune simpl\u0103 sau o mo\u0163iune de cenzur\u0103 \u00eempotriva unui membru al guvernului sau \u00eempotriva guvernului, este anormal. Am v\u0103zut \u015fi \u00een spa\u0163iu public declara\u0163iile colegilor de la PSD, vom vedea cum se vor manifesta la vot, pentru c\u0103 am spus \u00eentotdeauna declara\u0163iile politice trebuie \u00eentotdeauna separate de ac\u0163iunile concrete, care sunt la vot. Dac\u0103 va exista o astfel de abordare vom vedea ce se va \u00eent\u00e2mpla, v\u0103 reamintesc c\u0103 au mai fost mo\u0163iuni simple care au trecut \u00een Senat, chiar \u00eempotriva unui ministru PSD al muncii, dac\u0103 bine re\u0163in, la un moment dat, vedem ce se \u00eent\u00e2mpl\u0103 \u00een continuare Nu ar fi, cu siguran\u0163\u0103, un semnal bun pentru coali\u0163ie, o astfel de abordare\u201d, a men\u0163ionat senatorul PNL.<\/p>","protected":false},"excerpt":{"rendered":"<p>\u201dA\u015fa cum am spus \u015fi la celelalte mo\u0163iuni, fiecare mo\u0163iune de cenzur\u0103, \u00een special mo\u0163iunile&hellip;<\/p>\n","protected":false},"author":0,"featured_media":51926,"comment_status":"open","ping_status":"open","sticky":false,"template":"","format":"standard","meta":{"footnotes":""},"categories":[2],"tags":[],"class_list":["post-51929","post","type-post","status-publish","format-standard","has-post-thumbnail","hentry","category-actual"],"_links":{"self":[{"href":"https:\/\/247stiri.ro\/index.php\/wp-json\/wp\/v2\/posts\/51929","targetHints":{"allow":["GET"]}}],"collection":[{"href":"https:\/\/247stiri.ro\/index.php\/wp-json\/wp\/v2\/posts"}],"about":[{"href":"https:\/\/247stiri.ro\/index.php\/wp-json\/wp\/v2\/types\/post"}],"replies":[{"embeddable":true,"href":"https:\/\/247stiri.ro\/index.php\/wp-json\/wp\/v2\/comments?post=51929"}],"version-history":[{"count":0,"href":"https:\/\/247stiri.ro\/index.php\/wp-json\/wp\/v2\/posts\/51929\/revisions"}],"wp:featuredmedia":[{"embeddable":true,"href":"https:\/\/247stiri.ro\/index.php\/wp-json\/wp\/v2\/media\/51926"}],"wp:attachment":[{"href":"https:\/\/247stiri.ro\/index.php\/wp-json\/wp\/v2\/media?parent=51929"}],"wp:term":[{"taxonomy":"category","embeddable":true,"href":"https:\/\/247stiri.ro\/index.php\/wp-json\/wp\/v2\/categories?post=51929"},{"taxonomy":"post_tag","embeddable":true,"href":"https:\/\/247stiri.ro\/index.php\/wp-json\/wp\/v2\/tags?post=51929"}],"curies":[{"name":"wp","href":"https:\/\/api.w.org\/{rel}","templated":true}]}}