{"id":52000,"date":"2025-12-15T18:47:13","date_gmt":"2025-12-15T18:47:13","guid":{"rendered":"https:\/\/247stiri.ro\/index.php\/2025\/12\/15\/coalitia-sta-pe-un-butoi-de-pulbere-dupa-motiunea-impotriva-rezistei-buzoianu-opozitia-si-psd-ii-cer-sa-plece-usr-raspunde-cu-tupeu-video\/"},"modified":"2025-12-15T18:47:13","modified_gmt":"2025-12-15T18:47:13","slug":"coalitia-sta-pe-un-butoi-de-pulbere-dupa-motiunea-impotriva-rezistei-buzoianu-opozitia-si-psd-ii-cer-sa-plece-usr-raspunde-cu-tupeu-video","status":"publish","type":"post","link":"https:\/\/247stiri.ro\/index.php\/2025\/12\/15\/coalitia-sta-pe-un-butoi-de-pulbere-dupa-motiunea-impotriva-rezistei-buzoianu-opozitia-si-psd-ii-cer-sa-plece-usr-raspunde-cu-tupeu-video\/","title":{"rendered":"Coali\u021bia st\u0103 pe un butoi de pulbere dup\u0103 mo\u021biunea \u00eempotriva \u201erezistei\u201d Buzoianu. Opozi\u021bia \u0219i PSD \u00eei cer  s\u0103 plece, USR r\u0103spunde cu tupeu \u2013 VIDEO"},"content":{"rendered":"<p>Adoptarea unei mo\u021biuni simple nu \u00eel oblig\u0103 pe cel vizat s\u0103 demisioneze \u0219i nici pe \u0219eful guvernului s\u0103 \u00eel demit\u0103. Cu toate acestea, at\u00e2t ini\u021biatorii de la AUR, c\u00e2t \u0219i o serie de lideri PSD au afirmat c\u0103, \u00eentr-un stat de drept, un astfel de gest ar fi firesc.<\/p>\n\n<p><a href=\"https:\/\/www.realitatea.net\/stiri\/actual\/psd-ultimatum-pentru-bolojan-daca-buzoianu-nu-pleaca-maine-vom-depune-motiune-si-la-camera-deputatilor-daniel-zamfir_69404089f1891c60cc6d7cd2\" target=\"_blank\">PSD, ultimatum pentru Bolojan: \u201eDac\u0103 Buzoianu nu pleac\u0103 m\u00e2ine, vom depune mo\u021biune \u0219i la Camera Deputa\u021bilor\u201d \u2013 Daniel Zamfir<\/a><a href=\"https:\/\/www.realitatea.net\/stiri\/actual\/mesaj-de-forta-al-opozitiei-motiunea-aur-impotriva-ministrului-mediului-a-trecut-bolojan-trebuie-sa-o-demita-pe-buzoianu_694038548ad5d70b375e5132\" target=\"_blank\">Mesaj de for\u021b\u0103 al Opozi\u021biei: Mo\u021biunea AUR \u00eempotriva ministrului Mediului a trecut! Bolojan trebuie s\u0103 o demit\u0103 pe Buzoianu<\/a><a href=\"https:\/\/www.realitatea.net\/stiri\/actual\/fritz-seful-usr-reactie-plina-de-tupeu-dupa-ce-motiunea-a-trecut-diana-buzoianu-nu-pleaca-nicaieri_69403612d3505b198d5539ec\" target=\"_blank\">Fritz, \u0219eful USR, reac\u021bie plin\u0103 de tupeu dup\u0103 ce mo\u021biunea a trecut: Diana Buzoianu nu pleac\u0103 nic\u0103ieri<\/a><\/p>\n<p>\u00a0<\/p>\n<p>\u00a0<\/p>\n<p>\u00a0<\/p>","protected":false},"excerpt":{"rendered":"<p>Adoptarea unei mo\u021biuni simple nu \u00eel oblig\u0103 pe cel vizat s\u0103 demisioneze \u0219i nici pe&hellip;<\/p>\n","protected":false},"author":0,"featured_media":51994,"comment_status":"open","ping_status":"open","sticky":false,"template":"","format":"standard","meta":{"footnotes":""},"categories":[2],"tags":[],"class_list":["post-52000","post","type-post","status-publish","format-standard","has-post-thumbnail","hentry","category-actual"],"_links":{"self":[{"href":"https:\/\/247stiri.ro\/index.php\/wp-json\/wp\/v2\/posts\/52000","targetHints":{"allow":["GET"]}}],"collection":[{"href":"https:\/\/247stiri.ro\/index.php\/wp-json\/wp\/v2\/posts"}],"about":[{"href":"https:\/\/247stiri.ro\/index.php\/wp-json\/wp\/v2\/types\/post"}],"replies":[{"embeddable":true,"href":"https:\/\/247stiri.ro\/index.php\/wp-json\/wp\/v2\/comments?post=52000"}],"version-history":[{"count":0,"href":"https:\/\/247stiri.ro\/index.php\/wp-json\/wp\/v2\/posts\/52000\/revisions"}],"wp:featuredmedia":[{"embeddable":true,"href":"https:\/\/247stiri.ro\/index.php\/wp-json\/wp\/v2\/media\/51994"}],"wp:attachment":[{"href":"https:\/\/247stiri.ro\/index.php\/wp-json\/wp\/v2\/media?parent=52000"}],"wp:term":[{"taxonomy":"category","embeddable":true,"href":"https:\/\/247stiri.ro\/index.php\/wp-json\/wp\/v2\/categories?post=52000"},{"taxonomy":"post_tag","embeddable":true,"href":"https:\/\/247stiri.ro\/index.php\/wp-json\/wp\/v2\/tags?post=52000"}],"curies":[{"name":"wp","href":"https:\/\/api.w.org\/{rel}","templated":true}]}}