{"id":52008,"date":"2025-12-15T20:46:37","date_gmt":"2025-12-15T20:46:37","guid":{"rendered":"https:\/\/247stiri.ro\/index.php\/2025\/12\/15\/horatiu-potra-fiul-si-nepotul-sau-raman-in-arest-preventiv-inca-30-de-zile\/"},"modified":"2025-12-15T20:46:37","modified_gmt":"2025-12-15T20:46:37","slug":"horatiu-potra-fiul-si-nepotul-sau-raman-in-arest-preventiv-inca-30-de-zile","status":"publish","type":"post","link":"https:\/\/247stiri.ro\/index.php\/2025\/12\/15\/horatiu-potra-fiul-si-nepotul-sau-raman-in-arest-preventiv-inca-30-de-zile\/","title":{"rendered":"Hora\u021biu Potra, fiul \u0219i nepotul s\u0103u r\u0103m\u00e2n \u00een arest preventiv \u00eenc\u0103 30 de zile"},"content":{"rendered":"<p>Potrivit informa\u021biilor, cei trei sunt cerceta\u021bi \u00eentr-un dosar penal aflat pe rolul autorit\u0103\u021bilor judiciare. Instan\u021ba a apreciat c\u0103 se impune prelungirea arestului preventiv, consider\u00e2nd c\u0103 exist\u0103 temeiuri care justific\u0103 men\u021binerea acestei m\u0103suri.<\/p>\n<p>Acuza\u021biile care i se aduc lui Hora\u021biu Potra vizeaz\u0103 fapte de atentat la ordinea constitu\u021bional\u0103, \u00eenc\u0103lcarea legisla\u021biei privind regimul armelor \u0219i evaziune fiscal\u0103.<\/p>\n<p>O mare parte dintre bunurile sale au fost confiscate \u00eentr-unul dintre dosarele aflate pe rol. \u00cen prezent, Potra solicit\u0103 restituirea activelor, sus\u021bin\u00e2nd c\u0103 valoarea acestora dep\u0103\u0219e\u0219te prejudiciul estimat de procurori.<\/p>\n<p>\u201eCAB \u00een dosarul nr 6008\/2\/2025\/a1.5\u00a0<\/p>\n<p>\u021aip solutie: Solu\u0163ionare<\/p>\n<p>Solutia pe scurt: \u00cen baza art. 348 Cod procedur\u0103 penal\u0103 rap. la art. 207 alin. 4, 6 Cod procedur\u0103 penal\u0103 constat\u0103 legalitatea \u015fi temeinicia m\u0103surii arest\u0103rii preventive dispuse fa\u0163\u0103 de inculpa\u0163ii Potra Hora\u021biu, Potra Dorian \u015fi Potra Alexandru-Cosmin prin \u00cencheierea nr. 90 din data de 28 februarie 2025, pronun\u0163at\u0103 de judec\u0103torul de drepturi \u015fi libert\u0103\u0163i din cadrul \u00cenaltei Cur\u0163i de Casa\u0163ie \u015fi Justi\u0163ie \u2013 Sec\u0163ia Penal\u0103 \u00een dosarul nr. 462\/1\/2025. Men\u0163ine m\u0103sura arest\u0103rii preventive luat\u0103 fa\u0163\u0103 de inculpa\u0163ii Potra Hora\u021biu, Potra Dorian \u015fi Potra Alexandru-Cosmin p\u00e2n\u0103 la o nou\u0103 verificare, dar nu mai t\u00e2rziu de 30 de zile. Respinge cererile formulate de inculpa\u0163i privind \u00eenlocuirea m\u0103surii arest\u0103rii preventive cu o m\u0103sur\u0103 preventiv\u0103 mai u\u015foar\u0103. Cu drept de contesta\u0163ie \u00een termen de 48 de ore de la comunicare. Pronun\u0163at\u0103 \u00een camera de consiliu, azi, 15 decembrie 2025.Document: \u00cencheiere final\u0103 (dezinvestire)\u201d<\/p>","protected":false},"excerpt":{"rendered":"<p>Potrivit informa\u021biilor, cei trei sunt cerceta\u021bi \u00eentr-un dosar penal aflat pe rolul autorit\u0103\u021bilor judiciare. Instan\u021ba&hellip;<\/p>\n","protected":false},"author":0,"featured_media":52009,"comment_status":"open","ping_status":"open","sticky":false,"template":"","format":"standard","meta":{"footnotes":""},"categories":[2],"tags":[],"class_list":["post-52008","post","type-post","status-publish","format-standard","has-post-thumbnail","hentry","category-actual"],"_links":{"self":[{"href":"https:\/\/247stiri.ro\/index.php\/wp-json\/wp\/v2\/posts\/52008","targetHints":{"allow":["GET"]}}],"collection":[{"href":"https:\/\/247stiri.ro\/index.php\/wp-json\/wp\/v2\/posts"}],"about":[{"href":"https:\/\/247stiri.ro\/index.php\/wp-json\/wp\/v2\/types\/post"}],"replies":[{"embeddable":true,"href":"https:\/\/247stiri.ro\/index.php\/wp-json\/wp\/v2\/comments?post=52008"}],"version-history":[{"count":0,"href":"https:\/\/247stiri.ro\/index.php\/wp-json\/wp\/v2\/posts\/52008\/revisions"}],"wp:featuredmedia":[{"embeddable":true,"href":"https:\/\/247stiri.ro\/index.php\/wp-json\/wp\/v2\/media\/52009"}],"wp:attachment":[{"href":"https:\/\/247stiri.ro\/index.php\/wp-json\/wp\/v2\/media?parent=52008"}],"wp:term":[{"taxonomy":"category","embeddable":true,"href":"https:\/\/247stiri.ro\/index.php\/wp-json\/wp\/v2\/categories?post=52008"},{"taxonomy":"post_tag","embeddable":true,"href":"https:\/\/247stiri.ro\/index.php\/wp-json\/wp\/v2\/tags?post=52008"}],"curies":[{"name":"wp","href":"https:\/\/api.w.org\/{rel}","templated":true}]}}