{"id":52010,"date":"2025-12-15T20:46:38","date_gmt":"2025-12-15T20:46:38","guid":{"rendered":"https:\/\/247stiri.ro\/index.php\/2025\/12\/15\/zelenski-optimist-in-legatura-cu-promisiunile-sua-privind-garantiile-de-securitate-90-din-acordul-de-pace-ucraina-rusia-rezolvat\/"},"modified":"2025-12-15T20:46:38","modified_gmt":"2025-12-15T20:46:38","slug":"zelenski-optimist-in-legatura-cu-promisiunile-sua-privind-garantiile-de-securitate-90-din-acordul-de-pace-ucraina-rusia-rezolvat","status":"publish","type":"post","link":"https:\/\/247stiri.ro\/index.php\/2025\/12\/15\/zelenski-optimist-in-legatura-cu-promisiunile-sua-privind-garantiile-de-securitate-90-din-acordul-de-pace-ucraina-rusia-rezolvat\/","title":{"rendered":"Zelenski, optimist \u00een leg\u0103tur\u0103 cu promisiunile SUA privind garan\u021biile de securitate. 90% din acordul de pace Ucraina\u2013Rusia, rezolvat"},"content":{"rendered":"<p>Dup\u0103 discu\u021biile de la summitul de la Berlin, Zelenski a declarat c\u0103 partea american\u0103, reprezentat\u0103 de trimi\u0219ii lui Donald Trump, Steve Witkoff \u0219i Jared Kushner, a confirmat disponibilitatea pentru garan\u021bii echivalente cu cele NATO, care consider\u0103 un atac asupra unui membru ca fiind asupra tuturor.<\/p>\n<p>\u201ePartea american\u0103 ne-a transmis, acum, c\u0103 este gata s\u0103 ne ofere garan\u021bii de securitate care corespund Articolului 5\u201d, a afirmat Zelenski.<\/p>\n<p>Cancelarul german Friedrich Merz a salutat progresul, numind acordul \u201eamplu \u0219i substan\u021bial\u201d, cu angajamente politice \u0219i legale viitoare din partea SUA \u0219i Europei, conform <a href=\"https:\/\/www.reuters.com\/world\/europe\/peace-deal-gives-ukraine-security-guarantees-similar-article-5-official-says-2025-12-15\/\" target=\"_blank\">Reuters<\/a>.\u200b<\/p>\n<p>\u201eEste un acord cu adev\u0103rat amplu \u0219i substan\u021bial, pe care nu l-am mai avut p\u00e2n\u0103 acum. At\u00e2t Europa, c\u00e2t \u0219i SUA, sunt dispuse s\u0103 ofere Ucrainei garan\u021bii de securitate similare Articolului 5\u201d,\u00a0a declarat Merz.<\/p>\n<p>Oficiali americani au indicat c\u0103 90% din aspectele acordului au fost agreate, cu excep\u021bia disputelor teritoriale majore, pe care Ucraina refuz\u0103 s\u0103 le cedeze. Grupuri de lucru se vor reuni \u00een weekend \u00een SUA, posibil la Miami, pentru a continua discu\u021biile, p\u0103r\u021bile fiind \u201econsiderabil mai aproape\u201d de un final.\u200b<\/p>\n<p>Pre\u0219edintele Trump s-a ar\u0103tat \u201efoarte mul\u021bumit\u201d de avans\u0103ri, subliniind rolul garan\u021biilor \u00een descurajarea Rusiei.<\/p>","protected":false},"excerpt":{"rendered":"<p>Dup\u0103 discu\u021biile de la summitul de la Berlin, Zelenski a declarat c\u0103 partea american\u0103, reprezentat\u0103&hellip;<\/p>\n","protected":false},"author":0,"featured_media":52007,"comment_status":"open","ping_status":"open","sticky":false,"template":"","format":"standard","meta":{"footnotes":""},"categories":[2],"tags":[],"class_list":["post-52010","post","type-post","status-publish","format-standard","has-post-thumbnail","hentry","category-actual"],"_links":{"self":[{"href":"https:\/\/247stiri.ro\/index.php\/wp-json\/wp\/v2\/posts\/52010","targetHints":{"allow":["GET"]}}],"collection":[{"href":"https:\/\/247stiri.ro\/index.php\/wp-json\/wp\/v2\/posts"}],"about":[{"href":"https:\/\/247stiri.ro\/index.php\/wp-json\/wp\/v2\/types\/post"}],"replies":[{"embeddable":true,"href":"https:\/\/247stiri.ro\/index.php\/wp-json\/wp\/v2\/comments?post=52010"}],"version-history":[{"count":0,"href":"https:\/\/247stiri.ro\/index.php\/wp-json\/wp\/v2\/posts\/52010\/revisions"}],"wp:featuredmedia":[{"embeddable":true,"href":"https:\/\/247stiri.ro\/index.php\/wp-json\/wp\/v2\/media\/52007"}],"wp:attachment":[{"href":"https:\/\/247stiri.ro\/index.php\/wp-json\/wp\/v2\/media?parent=52010"}],"wp:term":[{"taxonomy":"category","embeddable":true,"href":"https:\/\/247stiri.ro\/index.php\/wp-json\/wp\/v2\/categories?post=52010"},{"taxonomy":"post_tag","embeddable":true,"href":"https:\/\/247stiri.ro\/index.php\/wp-json\/wp\/v2\/tags?post=52010"}],"curies":[{"name":"wp","href":"https:\/\/api.w.org\/{rel}","templated":true}]}}