{"id":52011,"date":"2025-12-15T20:46:38","date_gmt":"2025-12-15T20:46:38","guid":{"rendered":"https:\/\/247stiri.ro\/index.php\/2025\/12\/15\/interventie-de-urgenta-in-galati-echipele-au-rupt-un-drum-pentru-a-salva-o-comuna-de-inundatii-foto\/"},"modified":"2025-12-15T20:46:38","modified_gmt":"2025-12-15T20:46:38","slug":"interventie-de-urgenta-in-galati-echipele-au-rupt-un-drum-pentru-a-salva-o-comuna-de-inundatii-foto","status":"publish","type":"post","link":"https:\/\/247stiri.ro\/index.php\/2025\/12\/15\/interventie-de-urgenta-in-galati-echipele-au-rupt-un-drum-pentru-a-salva-o-comuna-de-inundatii-foto\/","title":{"rendered":"Interven\u021bie de urgen\u021b\u0103 \u00een Gala\u021bi: echipele au rupt un drum pentru a salva o comun\u0103 de inunda\u021bii &#8211; FOTO"},"content":{"rendered":"<p>Apa provenit\u0103 din mai multe canale de iriga\u021bii din amonte a creat un dop sub un pod vechi de zeci de ani, for\u021b\u00e2nd autorit\u0103\u021bile s\u0103 rup\u0103 temporar drumul pentru a devia scurgerea.\u200b<\/p>\n<p>Pre\u0219edintele Consiliului Jude\u021bean Gala\u021bi, Costel Fotea, a anun\u021bat c\u0103 s-a construit un pod transversal care permite scurgerea controlat\u0103 a apei dintr-un canal de desecare.<\/p>\n<p>Noul pod, cu o deschidere mai mare, va fi finalizat \u00een circa cinci zile, iar drumul va fi ref\u0103cut ulterior. Autorit\u0103\u021bile roag\u0103 participan\u021bii la trafic s\u0103 \u00een\u021beleag\u0103 disconfortul cauzat de lucr\u0103ri, prioritatea fiind protejarea locuitorilor \u0219i a propriet\u0103\u021bilor.<\/p>\n<p>\u201e\u00cen aceast\u0103 sear\u0103 am intervenit de urgen\u021b\u0103 pe DJ 252, \u00een comuna Barcea, sat Podoleni. Din cauza scurgerilor mari de ap\u0103 venite din amonte, exista riscul ca apa s\u0103 intre \u00een gospod\u0103riile oamenilor \u0219i s\u0103 provoace inunda\u021bii. Pentru a preveni acest lucru, am decis realizarea unui pod transversal care s\u0103 permit\u0103 scurgerea controlat\u0103 a apei dintr-un canal de desecare.<\/p>\n<p>\u00cen acest scop, drumul va fi rupt temporar, urm\u00e2nd s\u0103 fie ref\u0103cut dup\u0103 finalizarea podului. Interven\u021bia este necesar\u0103 pentru protejarea gospod\u0103riilor \u0219i a siguran\u021bei locuitorilor din zon\u0103. Rug\u0103m participan\u021bii la trafic s\u0103 manifeste \u00een\u021belegere pe durata lucr\u0103rilor\u201d, a declarat pre\u0219edintele CJ Gala\u021bi, Costel Fotea.<\/p>\n\n<p>\u00a0<\/p>","protected":false},"excerpt":{"rendered":"<p>Apa provenit\u0103 din mai multe canale de iriga\u021bii din amonte a creat un dop sub&hellip;<\/p>\n","protected":false},"author":0,"featured_media":52012,"comment_status":"open","ping_status":"open","sticky":false,"template":"","format":"standard","meta":{"footnotes":""},"categories":[2],"tags":[],"class_list":["post-52011","post","type-post","status-publish","format-standard","has-post-thumbnail","hentry","category-actual"],"_links":{"self":[{"href":"https:\/\/247stiri.ro\/index.php\/wp-json\/wp\/v2\/posts\/52011","targetHints":{"allow":["GET"]}}],"collection":[{"href":"https:\/\/247stiri.ro\/index.php\/wp-json\/wp\/v2\/posts"}],"about":[{"href":"https:\/\/247stiri.ro\/index.php\/wp-json\/wp\/v2\/types\/post"}],"replies":[{"embeddable":true,"href":"https:\/\/247stiri.ro\/index.php\/wp-json\/wp\/v2\/comments?post=52011"}],"version-history":[{"count":0,"href":"https:\/\/247stiri.ro\/index.php\/wp-json\/wp\/v2\/posts\/52011\/revisions"}],"wp:featuredmedia":[{"embeddable":true,"href":"https:\/\/247stiri.ro\/index.php\/wp-json\/wp\/v2\/media\/52012"}],"wp:attachment":[{"href":"https:\/\/247stiri.ro\/index.php\/wp-json\/wp\/v2\/media?parent=52011"}],"wp:term":[{"taxonomy":"category","embeddable":true,"href":"https:\/\/247stiri.ro\/index.php\/wp-json\/wp\/v2\/categories?post=52011"},{"taxonomy":"post_tag","embeddable":true,"href":"https:\/\/247stiri.ro\/index.php\/wp-json\/wp\/v2\/tags?post=52011"}],"curies":[{"name":"wp","href":"https:\/\/api.w.org\/{rel}","templated":true}]}}