{"id":52017,"date":"2025-12-15T22:45:01","date_gmt":"2025-12-15T22:45:01","guid":{"rendered":"https:\/\/247stiri.ro\/index.php\/2025\/12\/15\/grindeanu-a-explicat-de-ce-psd-a-votat-motiunea-impotriva-rezistei-de-la-mediu-am-marcat-managementul-catastrofal\/"},"modified":"2025-12-15T22:45:01","modified_gmt":"2025-12-15T22:45:01","slug":"grindeanu-a-explicat-de-ce-psd-a-votat-motiunea-impotriva-rezistei-de-la-mediu-am-marcat-managementul-catastrofal","status":"publish","type":"post","link":"https:\/\/247stiri.ro\/index.php\/2025\/12\/15\/grindeanu-a-explicat-de-ce-psd-a-votat-motiunea-impotriva-rezistei-de-la-mediu-am-marcat-managementul-catastrofal\/","title":{"rendered":"Grindeanu a explicat de ce PSD a votat mo\u021biunea \u00eempotriva rezistei de la Mediu: Am marcat managementul catastrofal"},"content":{"rendered":"<p>Grideanu a explicat c\u0103 votul PSD nu a fost o surpriz\u0103 pentru premier, fiind anun\u021bat \u00eenc\u0103 de s\u0103pt\u0103m\u00e2na trecut\u0103. El a subliniat c\u0103 partidul nu poate \u00eenchide ochii la ceea ce nume\u0219te \u201eproasta gestiune\u201d de la Ministerul Mediului, chiar dac\u0103 face parte din coali\u021bia de guvernare.<\/p>\n<p>\u201eNoi am marcat managementul catastrofal pe care \u00eel are doamna ministru Buzoianu la Ministerul Mediului, iar noi am sanc\u021bionat acest lucru. L-am anun\u021bat pe primul ministru, s\u0103pt\u0103m\u00e2na trecut\u0103, de decizia noastr\u0103. Statutul de membru \u00eentr-o coali\u021bie nu \u00eenseamn\u0103 c\u0103 nu vedem lucrurile proaste f\u0103cute de c\u0103tre doamna ministru.\u201d<\/p>\n<p>Liderul PSD a insistat c\u0103 partidul s\u0103u nu poate accepta func\u021bionarea societ\u0103\u021bii ESZ Prahova, pe care o consider\u0103 o anomalie administrativ\u0103, \u0219i a cerut explicit desfiin\u021barea acesteia.<\/p>\n<p>Mesaj t\u0103ios c\u0103tre USR<\/p>\n<p>\u00cen acela\u0219i context, Grideanu a criticat \u0219i pozi\u021bion\u0103rile unor lideri USR, despre care a spus c\u0103 \u201evorbesc de schimbarea legilor justi\u021biei\u201d \u00een timp ce au probleme juridice.<\/p>\n<p>\u201ePe mine m\u0103 mir\u0103 faptul c\u0103 unii lideri USR cu dosare \u00een justi\u021bie vorbesc de schimbarea legilor justi\u021biei. M\u0103car noi t\u0103cem din gur\u0103. Nu e rolul nostru s\u0103 facem lucrul acesta. Profesioni\u0219tii \u00een domeniu trebuie s\u0103 \u00eembun\u0103t\u0103\u021beasc\u0103 legile,\u201d a mai afirmat Grindeanu.<\/p>\n<p>\u00a0<\/p>","protected":false},"excerpt":{"rendered":"<p>Grideanu a explicat c\u0103 votul PSD nu a fost o surpriz\u0103 pentru premier, fiind anun\u021bat&hellip;<\/p>\n","protected":false},"author":0,"featured_media":52018,"comment_status":"open","ping_status":"open","sticky":false,"template":"","format":"standard","meta":{"footnotes":""},"categories":[3],"tags":[],"class_list":["post-52017","post","type-post","status-publish","format-standard","has-post-thumbnail","hentry","category-politica"],"_links":{"self":[{"href":"https:\/\/247stiri.ro\/index.php\/wp-json\/wp\/v2\/posts\/52017","targetHints":{"allow":["GET"]}}],"collection":[{"href":"https:\/\/247stiri.ro\/index.php\/wp-json\/wp\/v2\/posts"}],"about":[{"href":"https:\/\/247stiri.ro\/index.php\/wp-json\/wp\/v2\/types\/post"}],"replies":[{"embeddable":true,"href":"https:\/\/247stiri.ro\/index.php\/wp-json\/wp\/v2\/comments?post=52017"}],"version-history":[{"count":0,"href":"https:\/\/247stiri.ro\/index.php\/wp-json\/wp\/v2\/posts\/52017\/revisions"}],"wp:featuredmedia":[{"embeddable":true,"href":"https:\/\/247stiri.ro\/index.php\/wp-json\/wp\/v2\/media\/52018"}],"wp:attachment":[{"href":"https:\/\/247stiri.ro\/index.php\/wp-json\/wp\/v2\/media?parent=52017"}],"wp:term":[{"taxonomy":"category","embeddable":true,"href":"https:\/\/247stiri.ro\/index.php\/wp-json\/wp\/v2\/categories?post=52017"},{"taxonomy":"post_tag","embeddable":true,"href":"https:\/\/247stiri.ro\/index.php\/wp-json\/wp\/v2\/tags?post=52017"}],"curies":[{"name":"wp","href":"https:\/\/api.w.org\/{rel}","templated":true}]}}