{"id":52151,"date":"2025-12-16T11:45:23","date_gmt":"2025-12-16T11:45:23","guid":{"rendered":"https:\/\/247stiri.ro\/index.php\/2025\/12\/16\/panica-intr-un-bloc-din-satu-mare-pompierii-au-intervenit-dupa-ce-au-fost-semnalate-scurgeri-de-gaz\/"},"modified":"2025-12-16T11:45:23","modified_gmt":"2025-12-16T11:45:23","slug":"panica-intr-un-bloc-din-satu-mare-pompierii-au-intervenit-dupa-ce-au-fost-semnalate-scurgeri-de-gaz","status":"publish","type":"post","link":"https:\/\/247stiri.ro\/index.php\/2025\/12\/16\/panica-intr-un-bloc-din-satu-mare-pompierii-au-intervenit-dupa-ce-au-fost-semnalate-scurgeri-de-gaz\/","title":{"rendered":"Panic\u0103 \u00eentr-un bloc din Satu Mare. Pompierii au intervenit dup\u0103 ce au fost semnalate scurgeri de gaz"},"content":{"rendered":"<p>\u201d\u00cen aceast\u0103 diminea\u021b\u0103, \u00een urma unei sesiz\u0103ri venite din partea locatarilor, o echip\u0103 a Inspectoratului pentru Situa\u021bii de Urgen\u021b\u0103 Some\u0219 Satu Mare, \u00eempreun\u0103 cu speciali\u0219ti din cadrul companiei de distribu\u021bie a gazelor naturale, a intervenit la un bloc de locuin\u021be situat pe Bulevardul S\u0103n\u0103t\u0103\u021bii din municipiul Satu Mare.<\/p>\n<p>\u00cen urma verific\u0103rilor efectuate la fa\u021ba locului, speciali\u0219tii au constatat existen\u021ba unor sc\u0103p\u0103ri de gaze la nivelul sudurilor, la canelele de pe contoare \u0219i pe instala\u021bia comun\u0103 de utilizare din casa sc\u0103rii.\u00a0<\/p>\n<p>\u00cen prezent, alimentarea cu <a href=\"https:\/\/www.realitatea.net\/stiri\/ultimele-stiri\/doi-copii-morti-mai-multi-raniti-si-persoane-prinse-sub-daramaturi-dupa-o-explozie-de-gaze-intrun-bloc-din-franta-similitudini-cu-tragedia-din-rahova-video_6940639c585ee036676ec602\" target=\"_blank\">gaz <\/a>a fost \u00eentrerupt\u0103 de la robinetul de bran\u0219ament ca m\u0103sur\u0103 de siguran\u021b\u0103, urm\u00e2nd ca aceasta s\u0103 fie reluat\u0103 doar dup\u0103 remedierea defec\u021biunilor \u0219i efectuarea reviziei complete a instala\u021biei comune de utilizare\u201d, informeaz\u0103 Institu\u021bia Prefectului, pe Facebook.<\/p>\n\n<p>Potrivit reprezentan\u021bilor institu\u021biei, ac\u021biunea este coordonat\u0103 de prefectul jude\u021bului Satu Mare, Altfatter Tamas.<\/p>\n<p>Oficialul a solicitat, \u00een aceast\u0103 lun\u0103, demararea unei campanii de verificare a instala\u021biilor de alimentare cu gaze naturale, o aten\u021bie special\u0103 fiind acordat\u0103 p\u0103r\u021bilor comune ale blocurilor, precum casele sc\u0103rilor \u0219i subsolurile, pentru a preveni orice risc de accident.\u00a0<\/p>","protected":false},"excerpt":{"rendered":"<p>\u201d\u00cen aceast\u0103 diminea\u021b\u0103, \u00een urma unei sesiz\u0103ri venite din partea locatarilor, o echip\u0103 a Inspectoratului&hellip;<\/p>\n","protected":false},"author":0,"featured_media":52152,"comment_status":"open","ping_status":"open","sticky":false,"template":"","format":"standard","meta":{"footnotes":""},"categories":[2],"tags":[],"class_list":["post-52151","post","type-post","status-publish","format-standard","has-post-thumbnail","hentry","category-actual"],"_links":{"self":[{"href":"https:\/\/247stiri.ro\/index.php\/wp-json\/wp\/v2\/posts\/52151","targetHints":{"allow":["GET"]}}],"collection":[{"href":"https:\/\/247stiri.ro\/index.php\/wp-json\/wp\/v2\/posts"}],"about":[{"href":"https:\/\/247stiri.ro\/index.php\/wp-json\/wp\/v2\/types\/post"}],"replies":[{"embeddable":true,"href":"https:\/\/247stiri.ro\/index.php\/wp-json\/wp\/v2\/comments?post=52151"}],"version-history":[{"count":0,"href":"https:\/\/247stiri.ro\/index.php\/wp-json\/wp\/v2\/posts\/52151\/revisions"}],"wp:featuredmedia":[{"embeddable":true,"href":"https:\/\/247stiri.ro\/index.php\/wp-json\/wp\/v2\/media\/52152"}],"wp:attachment":[{"href":"https:\/\/247stiri.ro\/index.php\/wp-json\/wp\/v2\/media?parent=52151"}],"wp:term":[{"taxonomy":"category","embeddable":true,"href":"https:\/\/247stiri.ro\/index.php\/wp-json\/wp\/v2\/categories?post=52151"},{"taxonomy":"post_tag","embeddable":true,"href":"https:\/\/247stiri.ro\/index.php\/wp-json\/wp\/v2\/tags?post=52151"}],"curies":[{"name":"wp","href":"https:\/\/api.w.org\/{rel}","templated":true}]}}