{"id":52153,"date":"2025-12-16T11:45:23","date_gmt":"2025-12-16T11:45:23","guid":{"rendered":"https:\/\/247stiri.ro\/index.php\/2025\/12\/16\/autoritatile-din-cluj-spun-ca-au-sub-control-situatia-cazurilor-de-lepra-nu-exista-un-risc-major-pentru-populatie\/"},"modified":"2025-12-16T11:45:23","modified_gmt":"2025-12-16T11:45:23","slug":"autoritatile-din-cluj-spun-ca-au-sub-control-situatia-cazurilor-de-lepra-nu-exista-un-risc-major-pentru-populatie","status":"publish","type":"post","link":"https:\/\/247stiri.ro\/index.php\/2025\/12\/16\/autoritatile-din-cluj-spun-ca-au-sub-control-situatia-cazurilor-de-lepra-nu-exista-un-risc-major-pentru-populatie\/","title":{"rendered":"Autorit\u0103\u021bile din Cluj spun c\u0103 au sub control situa\u021bia cazurilor de lepr\u0103: \u201eNu exist\u0103 un risc major pentru popula\u021bie\u201d"},"content":{"rendered":"<p>Prefectul Maria Forna a confirmat, \u00eentr-o conferin\u021b\u0103 de pres\u0103, existen\u021ba a dou\u0103 cazuri de lepr\u0103 la Cluj, ambele la angajate de provenien\u021b\u0103 asiatic\u0103 (maseuze care lucrau la un salon SPA), \u00een v\u00e2rst\u0103 de 21 \u0219i 25 de ani. Alte dou\u0103 cazuri suspecte, tot la angajate, au fost infirmate.<\/p>\n<p>Maria Forna a \u021binut s\u0103 asigure popula\u021bia c\u0103 situa\u021bia este sub control \u0219i c\u0103 \u201enu exist\u0103 motive de \u00eengrijorare\u201d. Prefectul a ad\u0103ugat c\u0103 opt contac\u021bi apropia\u021bi ai celor dou\u0103 maseuze au fost evalua\u021bi, iar niciunul dintre ace\u0219tia nu a fost confirmat cu lepr\u0103. Cu toate acestea, a lansat un apel c\u0103tre clien\u021bii salonului s\u0103 se prezinte de urgen\u021b\u0103 la Spitalul de Boli Infec\u021bioase Cluj dac\u0103 observ\u0103 cea mai mic\u0103 modificare a st\u0103rii de s\u0103n\u0103tate.<\/p>\n<p>Directorul DSP Cluj, Corina Criste, a sus\u021binut c\u0103 lepra se transmite foarte greu, fiind nevoie de un contact prelungit cu o persoan\u0103 bolnav\u0103, \u0219i a subliniat c\u0103 nu exist\u0103 un \u201erisc major\u201d pentru popula\u021bie.<\/p>\n<p>Aceast\u0103 informa\u021bie a fost confirmat\u0103 \u0219i de ministrul S\u0103n\u0103t\u0103\u021bii, Alexandru Rogobete, care a declarat anterior c\u0103 cei care au vizitat salonul nu trebuie s\u0103 \u00ee\u0219i fac\u0103 griji sau controale suplimentare, \u00eentruc\u00e2t DSP efectueaz\u0103 o anchet\u0103 epidemiologic\u0103 extins\u0103. Ministrul a explicat c\u0103 una dintre persoanele confirmate a contractat boala cel mai probabil de la mama sa, cu care a stat o lun\u0103 \u00een acela\u0219i apartament \u00een Asia, reiter\u00e2nd c\u0103 \u201ede la o sesiune de masaj nu poate fi transmis\u0103 at\u00e2t de u\u0219or aceast\u0103 boal\u0103\u201d.<\/p>","protected":false},"excerpt":{"rendered":"<p>Prefectul Maria Forna a confirmat, \u00eentr-o conferin\u021b\u0103 de pres\u0103, existen\u021ba a dou\u0103 cazuri de lepr\u0103&hellip;<\/p>\n","protected":false},"author":0,"featured_media":52154,"comment_status":"open","ping_status":"open","sticky":false,"template":"","format":"standard","meta":{"footnotes":""},"categories":[2],"tags":[],"class_list":["post-52153","post","type-post","status-publish","format-standard","has-post-thumbnail","hentry","category-actual"],"_links":{"self":[{"href":"https:\/\/247stiri.ro\/index.php\/wp-json\/wp\/v2\/posts\/52153","targetHints":{"allow":["GET"]}}],"collection":[{"href":"https:\/\/247stiri.ro\/index.php\/wp-json\/wp\/v2\/posts"}],"about":[{"href":"https:\/\/247stiri.ro\/index.php\/wp-json\/wp\/v2\/types\/post"}],"replies":[{"embeddable":true,"href":"https:\/\/247stiri.ro\/index.php\/wp-json\/wp\/v2\/comments?post=52153"}],"version-history":[{"count":0,"href":"https:\/\/247stiri.ro\/index.php\/wp-json\/wp\/v2\/posts\/52153\/revisions"}],"wp:featuredmedia":[{"embeddable":true,"href":"https:\/\/247stiri.ro\/index.php\/wp-json\/wp\/v2\/media\/52154"}],"wp:attachment":[{"href":"https:\/\/247stiri.ro\/index.php\/wp-json\/wp\/v2\/media?parent=52153"}],"wp:term":[{"taxonomy":"category","embeddable":true,"href":"https:\/\/247stiri.ro\/index.php\/wp-json\/wp\/v2\/categories?post=52153"},{"taxonomy":"post_tag","embeddable":true,"href":"https:\/\/247stiri.ro\/index.php\/wp-json\/wp\/v2\/tags?post=52153"}],"curies":[{"name":"wp","href":"https:\/\/api.w.org\/{rel}","templated":true}]}}