{"id":52156,"date":"2025-12-16T12:45:02","date_gmt":"2025-12-16T12:45:02","guid":{"rendered":"https:\/\/247stiri.ro\/index.php\/2025\/12\/16\/deputatul-calin-maties-aur-mesaj-dupa-raportul-csat-pe-anularea-alegerilor-raspunsul-primit-a-fost-lipsit-de-substanta\/"},"modified":"2025-12-16T12:45:02","modified_gmt":"2025-12-16T12:45:02","slug":"deputatul-calin-maties-aur-mesaj-dupa-raportul-csat-pe-anularea-alegerilor-raspunsul-primit-a-fost-lipsit-de-substanta","status":"publish","type":"post","link":"https:\/\/247stiri.ro\/index.php\/2025\/12\/16\/deputatul-calin-maties-aur-mesaj-dupa-raportul-csat-pe-anularea-alegerilor-raspunsul-primit-a-fost-lipsit-de-substanta\/","title":{"rendered":"Deputatul C\u0103lin Matie\u0219 (AUR), mesaj dup\u0103 raportul CSAT pe anularea alegerilor: &#8222;R\u0103spunsul primit a fost lipsit de substan\u021b\u0103&#8221;"},"content":{"rendered":"<p>\u201eCeea ce nu mi-a r\u0103spuns nimeni, chiar dac\u0103 am fost conturbat de cei de la PSD \u0219i PNL pentru c\u0103 \u00eei cam incomoda \u00eentrebarea mea&#8230; le-a spus s\u0103 anuleze alegerile pe baza unor dovezi. Bun. R\u0103spunsul care mi l-au dat generalii a fost c\u0103 posibile riscuri a interven\u021biei unui stat str\u0103in \u00een online.<\/p>\n<p>\u0218i am spus: \u00abDomnule, bun, haide\u021bi s\u0103 vedem, nu putem merge pe riscuri, spune\u021bi-mi elementele pe baza c\u0103rora a\u021bi luat decizia \u0219i a\u021bi transmis la Curtea Constitu\u021bional\u0103 s\u0103 anuleze alegerile\u00bb.<\/p>\n<p>\u00abP\u0103i \u0219ti\u021bi, elementele acestea au fost desecretizate, sunt pe site\u00bb.<\/p>\n<p>\u00abDomnule general, nu exist\u0103 pe site dec\u00e2t pove\u0219ti, ceea ce ne prezenta\u021bi \u0219i dumneavoastr\u0103 aici\u00bb. Zic: \u00abPre\u0219edintele Nicu\u0219or Dan ne-a spus acum dou\u0103 zile c\u0103 vor fi desecretizate. Am avut speran\u021ba c\u0103 ve\u021bi veni cu ele \u0219i ne ve\u021bi explica clar, ca noi la r\u00e2ndul nostru \u2014 \u0219i dumneavoastr\u0103, presa, Realitatea, Televiziunea Poporului \u2014 s\u0103 explic\u0103\u021bi tuturor cet\u0103\u021benilor de ce s-au anulat alegerile\u00bb.<\/p>\n<p>N-am avut niciun r\u0103spuns, dec\u00e2t ni\u0219te pove\u0219ti l\u0103l\u0103ite, f\u0103r\u0103 sens, f\u0103r\u0103 substan\u021b\u0103 \u0219i, vorba rom\u00e2nului: &#8222;am intrat bou \u0219i am ie\u0219it vac\u0103&#8221;\u201d, a declarat deputatul AUR.\u00a0<\/p>","protected":false},"excerpt":{"rendered":"<p>\u201eCeea ce nu mi-a r\u0103spuns nimeni, chiar dac\u0103 am fost conturbat de cei de la&hellip;<\/p>\n","protected":false},"author":0,"featured_media":52157,"comment_status":"open","ping_status":"open","sticky":false,"template":"","format":"standard","meta":{"footnotes":""},"categories":[3],"tags":[],"class_list":["post-52156","post","type-post","status-publish","format-standard","has-post-thumbnail","hentry","category-politica"],"_links":{"self":[{"href":"https:\/\/247stiri.ro\/index.php\/wp-json\/wp\/v2\/posts\/52156","targetHints":{"allow":["GET"]}}],"collection":[{"href":"https:\/\/247stiri.ro\/index.php\/wp-json\/wp\/v2\/posts"}],"about":[{"href":"https:\/\/247stiri.ro\/index.php\/wp-json\/wp\/v2\/types\/post"}],"replies":[{"embeddable":true,"href":"https:\/\/247stiri.ro\/index.php\/wp-json\/wp\/v2\/comments?post=52156"}],"version-history":[{"count":0,"href":"https:\/\/247stiri.ro\/index.php\/wp-json\/wp\/v2\/posts\/52156\/revisions"}],"wp:featuredmedia":[{"embeddable":true,"href":"https:\/\/247stiri.ro\/index.php\/wp-json\/wp\/v2\/media\/52157"}],"wp:attachment":[{"href":"https:\/\/247stiri.ro\/index.php\/wp-json\/wp\/v2\/media?parent=52156"}],"wp:term":[{"taxonomy":"category","embeddable":true,"href":"https:\/\/247stiri.ro\/index.php\/wp-json\/wp\/v2\/categories?post=52156"},{"taxonomy":"post_tag","embeddable":true,"href":"https:\/\/247stiri.ro\/index.php\/wp-json\/wp\/v2\/tags?post=52156"}],"curies":[{"name":"wp","href":"https:\/\/api.w.org\/{rel}","templated":true}]}}