{"id":52160,"date":"2025-12-16T12:45:04","date_gmt":"2025-12-16T12:45:04","guid":{"rendered":"https:\/\/247stiri.ro\/index.php\/2025\/12\/16\/ultimatum-pentru-ilie-bolojan-inainte-de-marile-proteste-sindicatele-cer-majorarea-salariului-minim\/"},"modified":"2025-12-16T12:45:04","modified_gmt":"2025-12-16T12:45:04","slug":"ultimatum-pentru-ilie-bolojan-inainte-de-marile-proteste-sindicatele-cer-majorarea-salariului-minim","status":"publish","type":"post","link":"https:\/\/247stiri.ro\/index.php\/2025\/12\/16\/ultimatum-pentru-ilie-bolojan-inainte-de-marile-proteste-sindicatele-cer-majorarea-salariului-minim\/","title":{"rendered":"Ultimatum pentru Ilie Bolojan \u00eenainte de marile PROTESTE: sindicatele cer majorarea salariului minim"},"content":{"rendered":"<p>Cu dou\u0103 zile \u00eenainte de marele protest, sindicatele spun foarte clar c\u0103 toate m\u0103surile luate p\u00e2n\u0103 acum de Guvern sunt \u00eempotriva lor. Ace\u0219tia cer din nou majorarea salariului minim, iar \u00een cazul \u00een care acest lucru nu se va \u00eent\u00e2mpla, sindicali\u0219tii spun c\u0103 Guvernul va \u00eenc\u0103lca directiva european\u0103.<\/p>\n<p>La acest moment, avem un salariu minim pe economie brut de 4.050 de lei, iar ace\u0219tia cer majorarea cu 300 de lei. Totul, ca urmare a major\u0103rii taxelor, scumpirilor \u00een lan\u021b, sc\u0103derii drastice a puterii de cump\u0103rare. \u00cen plus de asta, \u00een \u021bara noastr\u0103 avem aproape 2 milioane de rom\u00e2ni care tr\u0103iesc cu acest salariu minim pe economie care nu le asigur\u0103 nici m\u0103car hrana lunar\u0103.<\/p>","protected":false},"excerpt":{"rendered":"<p>Cu dou\u0103 zile \u00eenainte de marele protest, sindicatele spun foarte clar c\u0103 toate m\u0103surile luate&hellip;<\/p>\n","protected":false},"author":0,"featured_media":52161,"comment_status":"open","ping_status":"open","sticky":false,"template":"","format":"standard","meta":{"footnotes":""},"categories":[3],"tags":[],"class_list":["post-52160","post","type-post","status-publish","format-standard","has-post-thumbnail","hentry","category-politica"],"_links":{"self":[{"href":"https:\/\/247stiri.ro\/index.php\/wp-json\/wp\/v2\/posts\/52160","targetHints":{"allow":["GET"]}}],"collection":[{"href":"https:\/\/247stiri.ro\/index.php\/wp-json\/wp\/v2\/posts"}],"about":[{"href":"https:\/\/247stiri.ro\/index.php\/wp-json\/wp\/v2\/types\/post"}],"replies":[{"embeddable":true,"href":"https:\/\/247stiri.ro\/index.php\/wp-json\/wp\/v2\/comments?post=52160"}],"version-history":[{"count":0,"href":"https:\/\/247stiri.ro\/index.php\/wp-json\/wp\/v2\/posts\/52160\/revisions"}],"wp:featuredmedia":[{"embeddable":true,"href":"https:\/\/247stiri.ro\/index.php\/wp-json\/wp\/v2\/media\/52161"}],"wp:attachment":[{"href":"https:\/\/247stiri.ro\/index.php\/wp-json\/wp\/v2\/media?parent=52160"}],"wp:term":[{"taxonomy":"category","embeddable":true,"href":"https:\/\/247stiri.ro\/index.php\/wp-json\/wp\/v2\/categories?post=52160"},{"taxonomy":"post_tag","embeddable":true,"href":"https:\/\/247stiri.ro\/index.php\/wp-json\/wp\/v2\/tags?post=52160"}],"curies":[{"name":"wp","href":"https:\/\/api.w.org\/{rel}","templated":true}]}}