{"id":52164,"date":"2025-12-16T12:45:06","date_gmt":"2025-12-16T12:45:06","guid":{"rendered":"https:\/\/247stiri.ro\/index.php\/2025\/12\/16\/ministrul-muncii-vrea-indexarea-alocatiilor-cand-ar-putea-avea-loc-si-cat-de-mare-va-fi-cresterea\/"},"modified":"2025-12-16T12:45:06","modified_gmt":"2025-12-16T12:45:06","slug":"ministrul-muncii-vrea-indexarea-alocatiilor-cand-ar-putea-avea-loc-si-cat-de-mare-va-fi-cresterea","status":"publish","type":"post","link":"https:\/\/247stiri.ro\/index.php\/2025\/12\/16\/ministrul-muncii-vrea-indexarea-alocatiilor-cand-ar-putea-avea-loc-si-cat-de-mare-va-fi-cresterea\/","title":{"rendered":"Ministrul Muncii vrea indexarea aloca\u021biilor. C\u00e2nd ar putea avea loc \u0219i c\u00e2t de mare va fi cre\u0219terea"},"content":{"rendered":"<p>Ministrul Muncii, Florin Manole, a declarat la un post TV c\u0103 nu are cuno\u0219tin\u021b\u0103 despre vreo discu\u021bie sau decizie luat\u0103 \u00een Guvern sau \u00een coali\u021bie privind \u00eenghe\u021barea aloca\u021biei copiilor. \u00cen schimb, ministrul a pledat pentru indexarea aloca\u021biilor cu rata infla\u021biei, sus\u021bin\u00e2nd c\u0103 m\u0103sura este necesar\u0103.<\/p>\n<p>Manole a justificat pozi\u021bia sa invoc\u00e2nd cifrele statistice care arat\u0103 o s\u0103r\u0103cie extrem de mare \u00een r\u00e2ndul copiilor din Rom\u00e2nia, dar \u0219i faptul c\u0103 \u201eavem tot felul de cre\u015fteri de pre\u0163uri, infla\u0163ie, asta se simte \u015fi pentru un copil\u201d. El a subliniat c\u0103 aloca\u021biile reprezint\u0103 o m\u0103sur\u0103 important\u0103 pentru sprijinirea bugetelor familiilor nevoia\u0219e \u0219i nu vede de ce acest sprijin nu ar trebui continuat.<\/p>\n<p>Contextul arat\u0103 c\u0103 Rom\u00e2nia ocup\u0103 una dintre ultimele pozi\u021bii \u00een Uniunea European\u0103 (UE) \u00een privin\u021ba cheltuielilor pentru protec\u021bie social\u0103. Conform datelor din 2023, Rom\u00e2nia a alocat doar 12,8% din PIB acestui domeniu, \u00een timp ce media la nivelul UE este semnificativ mai mare, ajung\u00e2nd la 25,7% \u00een Finlanda sau 23,4% \u00een Fran\u021ba.<\/p>","protected":false},"excerpt":{"rendered":"<p>Ministrul Muncii, Florin Manole, a declarat la un post TV c\u0103 nu are cuno\u0219tin\u021b\u0103 despre&hellip;<\/p>\n","protected":false},"author":0,"featured_media":52165,"comment_status":"open","ping_status":"open","sticky":false,"template":"","format":"standard","meta":{"footnotes":""},"categories":[2],"tags":[],"class_list":["post-52164","post","type-post","status-publish","format-standard","has-post-thumbnail","hentry","category-actual"],"_links":{"self":[{"href":"https:\/\/247stiri.ro\/index.php\/wp-json\/wp\/v2\/posts\/52164","targetHints":{"allow":["GET"]}}],"collection":[{"href":"https:\/\/247stiri.ro\/index.php\/wp-json\/wp\/v2\/posts"}],"about":[{"href":"https:\/\/247stiri.ro\/index.php\/wp-json\/wp\/v2\/types\/post"}],"replies":[{"embeddable":true,"href":"https:\/\/247stiri.ro\/index.php\/wp-json\/wp\/v2\/comments?post=52164"}],"version-history":[{"count":0,"href":"https:\/\/247stiri.ro\/index.php\/wp-json\/wp\/v2\/posts\/52164\/revisions"}],"wp:featuredmedia":[{"embeddable":true,"href":"https:\/\/247stiri.ro\/index.php\/wp-json\/wp\/v2\/media\/52165"}],"wp:attachment":[{"href":"https:\/\/247stiri.ro\/index.php\/wp-json\/wp\/v2\/media?parent=52164"}],"wp:term":[{"taxonomy":"category","embeddable":true,"href":"https:\/\/247stiri.ro\/index.php\/wp-json\/wp\/v2\/categories?post=52164"},{"taxonomy":"post_tag","embeddable":true,"href":"https:\/\/247stiri.ro\/index.php\/wp-json\/wp\/v2\/tags?post=52164"}],"curies":[{"name":"wp","href":"https:\/\/api.w.org\/{rel}","templated":true}]}}