{"id":52180,"date":"2025-12-16T13:45:15","date_gmt":"2025-12-16T13:45:15","guid":{"rendered":"https:\/\/247stiri.ro\/index.php\/2025\/12\/16\/lider-psd-cerem-revocarea-ministrei-usr-a-mediului-nu-putem-accepta-sa-ne-prefacem-ca-nu-vedem-realitatea\/"},"modified":"2025-12-16T13:45:15","modified_gmt":"2025-12-16T13:45:15","slug":"lider-psd-cerem-revocarea-ministrei-usr-a-mediului-nu-putem-accepta-sa-ne-prefacem-ca-nu-vedem-realitatea","status":"publish","type":"post","link":"https:\/\/247stiri.ro\/index.php\/2025\/12\/16\/lider-psd-cerem-revocarea-ministrei-usr-a-mediului-nu-putem-accepta-sa-ne-prefacem-ca-nu-vedem-realitatea\/","title":{"rendered":"Lider PSD: \u201dCerem revocarea ministrei USR a Mediului. Nu putem accepta s\u0103 ne prefacem c\u0103 nu vedem realitatea\u201d"},"content":{"rendered":"<p>\u201dO evaluare a activit\u0103\u021bii ministrei Diana Buzoianu. At\u00e2t a cerut PSD premierului \u00eenainte de votul pentru mo\u021biunea simpl\u0103. Rezultatul? T\u0103cere. Mai mult dec\u00e2t at\u00e2t, premierul \u00eensu\u0219i a mers \u00een Senat pentru a se asigura c\u0103 protejata sa \u00ee\u0219i p\u0103streaz\u0103 scaunul, \u00een ciuda unui dezastru care a l\u0103sat peste 120.000 de oameni f\u0103r\u0103 ap\u0103.<\/p>\n<p>Cerem \u0219i ast\u0103zi, f\u0103r\u0103 echivoc, aceast\u0103 evaluare \u00eempreun\u0103 cu revocarea ministrei USR a Mediului. Acordul Politic al Coali\u021biei este limpede: mini\u0219trii pot fi evalua\u021bi \u0219i revoca\u021bi \u00een situa\u021bii grave, iar cazul Paltinu este un exemplu-\u0219coal\u0103 de e\u0219ec administrativ, neglijen\u021b\u0103 \u0219i iresponsabilitate. Nu putem accepta s\u0103 ne prefacem c\u0103 nu vedem realitatea \u2013 peste 120.000 de oameni stau la coad\u0103 cu bidoanele pentru ap\u0103, \u00een timp ce nimeni nu r\u0103spunde politic pentru o gestionare catastrofal\u0103 a unei opera\u021biuni aflate \u00een responsabilitatea direct\u0103 a Ministerului Mediului.<\/p>\n<p>Aceasta nu mai este doar problema unei ministre sau a USR. Este o problem\u0103 care apas\u0103 asupra \u00eentregului Guvern \u0219i asupra \u00eentregii Coali\u021bii. Refuzul de a discuta evaluarea \u0219i revocarea ministrei Buzoianu transmite un mesaj extrem de periculos: c\u0103 incompeten\u021ba, neglijen\u021ba \u0219i lipsa de responsabilitate sunt tolerate la nivel guvernamental. Dup\u0103 adoptarea mo\u021biunii simple, continuarea acestui refuz devine de ne\u00een\u021beles \u0219i profund nociv pentru credibilitatea actului de guvernare.<\/p>\n<p>\u00cen acest context, arogan\u021ba \u0219i tupeul ministrei Buzoianu de a deturna discu\u021bia prin invocarea a\u0219a-numitei \u201ereforme a Romsilva\u201d este nu doar cinic\u0103, ci \u0219i profund manipulatoare. Restructurarea Romsilva nu are nicio leg\u0103tur\u0103 cu dezastrul de la Paltinu \u0219i nu poate fi folosit\u0103 drept perdea de fum pentru a ascunde prostia, incompeten\u021ba \u0219i neglijen\u021ba cu care ministra a gestionat o situa\u021bie critic\u0103. Indiferent ce inten\u021bii declarative are doamna Buzoianu \u00een privin\u021ba Romsilva, acestea nu \u0219terg \u0219i nu diminueaz\u0103 cu nimic r\u0103spunderea sa politic\u0103 pentru o catastrof\u0103 care a afectat via\u021ba a peste 120.000 de oameni.<\/p>\n<p>USR trebuie s\u0103 \u00eenceteze aceste manevre de manipulare a opiniei publice \u0219i s\u0103 r\u0103spund\u0103 onest la o \u00eentrebare simpl\u0103: de ce continu\u0103 s\u0103 o sus\u021bin\u0103 pe ministra Buzoianu dup\u0103 un e\u0219ec de asemenea propor\u021bii? De ce se \u00eenc\u0103p\u0103\u021b\u00e2neaz\u0103 s\u0103 o men\u021bin\u0103 \u00een func\u021bie, \u00een loc s\u0103 \u00ee\u0219i asume responsabilitatea politic\u0103 fa\u021b\u0103 de oamenii care stau la coad\u0103 cu bidoanele pentru ap\u0103 \u0219i care pl\u0103tesc direct pre\u021bul incompeten\u021bei guvernamentale\u201d, a scris <a href=\"https:\/\/www.realitatea.net\/stiri\/actual\/mihai-fifor-atac-dur-la-adresa-rezistei-de-la-mediu-din-incompetenta-si-tupeu-nu-poate-iesi-nimic-altceva-decat-dezastru_6939d226e374fd6d1d21fb42\" target=\"_blank\">Mihai Fifor<\/a> pe pagina sa de Facebook.\u00a0<\/p>","protected":false},"excerpt":{"rendered":"<p>\u201dO evaluare a activit\u0103\u021bii ministrei Diana Buzoianu. At\u00e2t a cerut PSD premierului \u00eenainte de votul&hellip;<\/p>\n","protected":false},"author":0,"featured_media":52176,"comment_status":"open","ping_status":"open","sticky":false,"template":"","format":"standard","meta":{"footnotes":""},"categories":[2],"tags":[],"class_list":["post-52180","post","type-post","status-publish","format-standard","has-post-thumbnail","hentry","category-actual"],"_links":{"self":[{"href":"https:\/\/247stiri.ro\/index.php\/wp-json\/wp\/v2\/posts\/52180","targetHints":{"allow":["GET"]}}],"collection":[{"href":"https:\/\/247stiri.ro\/index.php\/wp-json\/wp\/v2\/posts"}],"about":[{"href":"https:\/\/247stiri.ro\/index.php\/wp-json\/wp\/v2\/types\/post"}],"replies":[{"embeddable":true,"href":"https:\/\/247stiri.ro\/index.php\/wp-json\/wp\/v2\/comments?post=52180"}],"version-history":[{"count":0,"href":"https:\/\/247stiri.ro\/index.php\/wp-json\/wp\/v2\/posts\/52180\/revisions"}],"wp:featuredmedia":[{"embeddable":true,"href":"https:\/\/247stiri.ro\/index.php\/wp-json\/wp\/v2\/media\/52176"}],"wp:attachment":[{"href":"https:\/\/247stiri.ro\/index.php\/wp-json\/wp\/v2\/media?parent=52180"}],"wp:term":[{"taxonomy":"category","embeddable":true,"href":"https:\/\/247stiri.ro\/index.php\/wp-json\/wp\/v2\/categories?post=52180"},{"taxonomy":"post_tag","embeddable":true,"href":"https:\/\/247stiri.ro\/index.php\/wp-json\/wp\/v2\/tags?post=52180"}],"curies":[{"name":"wp","href":"https:\/\/api.w.org\/{rel}","templated":true}]}}