{"id":52187,"date":"2025-12-16T14:44:50","date_gmt":"2025-12-16T14:44:50","guid":{"rendered":"https:\/\/247stiri.ro\/index.php\/2025\/12\/16\/grindeanu-loveste-dur-in-usr-si-basescu-liderii-cu-dosare-in-justitie-vor-schimbarea-legilor-justitiei-basescu-autorul-celebrelor-protocoale-vrea-schimbari\/"},"modified":"2025-12-16T14:44:50","modified_gmt":"2025-12-16T14:44:50","slug":"grindeanu-loveste-dur-in-usr-si-basescu-liderii-cu-dosare-in-justitie-vor-schimbarea-legilor-justitiei-basescu-autorul-celebrelor-protocoale-vrea-schimbari","status":"publish","type":"post","link":"https:\/\/247stiri.ro\/index.php\/2025\/12\/16\/grindeanu-loveste-dur-in-usr-si-basescu-liderii-cu-dosare-in-justitie-vor-schimbarea-legilor-justitiei-basescu-autorul-celebrelor-protocoale-vrea-schimbari\/","title":{"rendered":"Grindeanu love\u0219te dur \u00een USR \u0219i B\u0103sescu: Liderii cu dosare \u00een justi\u021bie vor schimbarea legilor justi\u021biei. B\u0103sescu, autorul celebrelor protocoale, vrea schimb\u0103ri"},"content":{"rendered":"<p>El a lansat \u0219i un atac la adresa fostului pre\u0219edinte Traian B\u0103sescu, despre care spune c\u0103 este \u201eautorul celebrelor protocoale\u201d, acuz\u00e2nd c\u0103 \u0219i acesta cere acum modific\u0103ri \u00een domeniul Justi\u021biei, de\u0219i el \u0219i familia sa ar fi beneficiat de prescrip\u021bii.\u200b<\/p>\n<p>Grindeanu afirm\u0103 c\u0103 PSD \u201es-a \u021binut departe\u201d de scandalul din Justi\u021bie \u0219i s-a limitat s\u0103 urm\u0103reasc\u0103 dezbaterea public\u0103, f\u0103r\u0103 a o alimenta.<\/p>\n<p>Liderul social-democrat sus\u021bine \u00eens\u0103 c\u0103 exist\u0103 \u201eanumi\u021bi lideri USR cu dosare \u00een justi\u021bie\u201d care cer schimbarea legilor \u0219i \u00eel indic\u0103 pe Traian B\u0103sescu drept exemplu de politician care vrea modific\u0103ri, de\u0219i ar fi profitat \u00een trecut de prescrip\u021bii \u0219i de sistemul creat de protocoale.\u200b<\/p>\n<p>Liderul PSD anun\u021b\u0103 c\u0103 partidul va participa la grupul de lucru pe tema Justi\u021biei ini\u021biat la nivel guvernamental, prin ministrul Radu Marinescu. Grindeanu spune c\u0103 anumite for\u021be politice \u00eencearc\u0103 s\u0103 politizeze discu\u021biile, dar c\u0103 PSD va merge la consult\u0103ri pentru a discuta institu\u021bional ceea ce se decide \u00een acest cadru.<\/p>\n<p>\u201eAm a\u0219a cum a\u021bi v\u0103zut, noi ne-am \u021binut depate de acest subiect. L-am urm\u0103rit, evident. Am v\u0103zut c\u0103 sunt anumi\u021bi lideri USR cu dosare \u00een justi\u021bie, dar care vor schimbarea legilor justi\u021biei. L-am v\u0103zut pe pre\u0219edintele Traian B\u0103sescu, care e autorul celebrelor protocoale, care vrea schimb\u0103ri.<\/p>\n<p>Sunt numite for\u021be politice care vor s\u0103 politizeze acest subiect, PSD va merge la acel grup de lucru, ministrul Radu Marinescu va merge acolo. Spuneam c\u0103 premierul a f\u0103cut un grup de lucru cu ce se discut\u0103 acolo&#8221;, a declarat Sorin Grindeanu.<\/p>","protected":false},"excerpt":{"rendered":"<p>El a lansat \u0219i un atac la adresa fostului pre\u0219edinte Traian B\u0103sescu, despre care spune&hellip;<\/p>\n","protected":false},"author":0,"featured_media":52188,"comment_status":"open","ping_status":"open","sticky":false,"template":"","format":"standard","meta":{"footnotes":""},"categories":[2],"tags":[],"class_list":["post-52187","post","type-post","status-publish","format-standard","has-post-thumbnail","hentry","category-actual"],"_links":{"self":[{"href":"https:\/\/247stiri.ro\/index.php\/wp-json\/wp\/v2\/posts\/52187","targetHints":{"allow":["GET"]}}],"collection":[{"href":"https:\/\/247stiri.ro\/index.php\/wp-json\/wp\/v2\/posts"}],"about":[{"href":"https:\/\/247stiri.ro\/index.php\/wp-json\/wp\/v2\/types\/post"}],"replies":[{"embeddable":true,"href":"https:\/\/247stiri.ro\/index.php\/wp-json\/wp\/v2\/comments?post=52187"}],"version-history":[{"count":0,"href":"https:\/\/247stiri.ro\/index.php\/wp-json\/wp\/v2\/posts\/52187\/revisions"}],"wp:featuredmedia":[{"embeddable":true,"href":"https:\/\/247stiri.ro\/index.php\/wp-json\/wp\/v2\/media\/52188"}],"wp:attachment":[{"href":"https:\/\/247stiri.ro\/index.php\/wp-json\/wp\/v2\/media?parent=52187"}],"wp:term":[{"taxonomy":"category","embeddable":true,"href":"https:\/\/247stiri.ro\/index.php\/wp-json\/wp\/v2\/categories?post=52187"},{"taxonomy":"post_tag","embeddable":true,"href":"https:\/\/247stiri.ro\/index.php\/wp-json\/wp\/v2\/tags?post=52187"}],"curies":[{"name":"wp","href":"https:\/\/api.w.org\/{rel}","templated":true}]}}