{"id":52234,"date":"2025-12-16T20:45:26","date_gmt":"2025-12-16T20:45:26","guid":{"rendered":"https:\/\/247stiri.ro\/index.php\/2025\/12\/16\/viorel-catarama-da-de-pamant-cu-iohannis-va-sfarsi-in-puscarie-pentru-ce-a-facut\/"},"modified":"2025-12-16T20:45:26","modified_gmt":"2025-12-16T20:45:26","slug":"viorel-catarama-da-de-pamant-cu-iohannis-va-sfarsi-in-puscarie-pentru-ce-a-facut","status":"publish","type":"post","link":"https:\/\/247stiri.ro\/index.php\/2025\/12\/16\/viorel-catarama-da-de-pamant-cu-iohannis-va-sfarsi-in-puscarie-pentru-ce-a-facut\/","title":{"rendered":"Viorel Cataram\u0103 d\u0103 de p\u0103m\u00e2nt cu Iohannis: \u201eVa sf\u00e2r\u0219i \u00een pu\u0219c\u0103rie pentru ce a f\u0103cut!\u201d"},"content":{"rendered":"<p>Cataram\u0103 a calificat gestul lui Iohannis drept \u201eo lovitur\u0103 dat\u0103 democra\u021biei \u00een moalele capului\u201d, compar\u00e2ndu-l cu o lovitur\u0103 de stat.\u200b<\/p>\n<p>\u201eEu v\u0103 spun c\u0103 mai devreme sau mai t\u00e2rziu, acea lovitur\u0103 dat\u0103 democra\u021biei \u00een moalele capului, lovitur\u0103 mai grav\u0103 dec\u00e2t aia nu se poate, s\u0103 nu \u021bii cont de ce vor oamenii\u2026 Aceste politici de a promova binele colectiv \u00een detrimentul drepturilor \u0219i libert\u0103\u021bilor inviduale, dar binele colectiv fiind stabilit de Guvern \u0219i nu de altcineva, (asta) se va \u00eentoarce. Iohannis va sf\u00e2r\u0219i \u00een pu\u0219c\u0103rie pentru ce a f\u0103cut!\u201d, a declarat Cataram\u0103, conform G\u00e2ndul.<\/p>\n<p>Cataram\u0103 a mai avertizat c\u0103 for\u021be responsabile de \u201enenorociri\u201d \u00eencearc\u0103 s\u0103 revin\u0103 la putere, \u00een contextul unei reconfigur\u0103ri globale a lumii.<\/p>\n<p>\u201eLumea se schimb\u0103, iar aceste politici progresiste, globaliste nu mai au fundament\u201d, a punctat omul de afaceri.<\/p>","protected":false},"excerpt":{"rendered":"<p>Cataram\u0103 a calificat gestul lui Iohannis drept \u201eo lovitur\u0103 dat\u0103 democra\u021biei \u00een moalele capului\u201d, compar\u00e2ndu-l&hellip;<\/p>\n","protected":false},"author":0,"featured_media":52233,"comment_status":"open","ping_status":"open","sticky":false,"template":"","format":"standard","meta":{"footnotes":""},"categories":[2],"tags":[],"class_list":["post-52234","post","type-post","status-publish","format-standard","has-post-thumbnail","hentry","category-actual"],"_links":{"self":[{"href":"https:\/\/247stiri.ro\/index.php\/wp-json\/wp\/v2\/posts\/52234","targetHints":{"allow":["GET"]}}],"collection":[{"href":"https:\/\/247stiri.ro\/index.php\/wp-json\/wp\/v2\/posts"}],"about":[{"href":"https:\/\/247stiri.ro\/index.php\/wp-json\/wp\/v2\/types\/post"}],"replies":[{"embeddable":true,"href":"https:\/\/247stiri.ro\/index.php\/wp-json\/wp\/v2\/comments?post=52234"}],"version-history":[{"count":0,"href":"https:\/\/247stiri.ro\/index.php\/wp-json\/wp\/v2\/posts\/52234\/revisions"}],"wp:featuredmedia":[{"embeddable":true,"href":"https:\/\/247stiri.ro\/index.php\/wp-json\/wp\/v2\/media\/52233"}],"wp:attachment":[{"href":"https:\/\/247stiri.ro\/index.php\/wp-json\/wp\/v2\/media?parent=52234"}],"wp:term":[{"taxonomy":"category","embeddable":true,"href":"https:\/\/247stiri.ro\/index.php\/wp-json\/wp\/v2\/categories?post=52234"},{"taxonomy":"post_tag","embeddable":true,"href":"https:\/\/247stiri.ro\/index.php\/wp-json\/wp\/v2\/tags?post=52234"}],"curies":[{"name":"wp","href":"https:\/\/api.w.org\/{rel}","templated":true}]}}