{"id":52241,"date":"2025-12-16T21:45:33","date_gmt":"2025-12-16T21:45:33","guid":{"rendered":"https:\/\/247stiri.ro\/index.php\/2025\/12\/16\/ministrul-muncii-despre-cresterea-salariului-minim-ar-afecta-infim-bugetul-de-stat-dar-ar-aduce-un-plus-major-pentru-angajatii-din-privat\/"},"modified":"2025-12-16T21:45:33","modified_gmt":"2025-12-16T21:45:33","slug":"ministrul-muncii-despre-cresterea-salariului-minim-ar-afecta-infim-bugetul-de-stat-dar-ar-aduce-un-plus-major-pentru-angajatii-din-privat","status":"publish","type":"post","link":"https:\/\/247stiri.ro\/index.php\/2025\/12\/16\/ministrul-muncii-despre-cresterea-salariului-minim-ar-afecta-infim-bugetul-de-stat-dar-ar-aduce-un-plus-major-pentru-angajatii-din-privat\/","title":{"rendered":"Ministrul Muncii, despre cre\u0219terea salariului minim: Ar afecta infim bugetul de stat, dar ar aduce un plus major pentru angaja\u021bii din privat"},"content":{"rendered":"<p>Manole a explicat c\u0103 salariile bugetarilor \u0219i ale demnitarilor nu mai sunt demult corelate \u00een practic\u0103 cu salariul minim, astfel c\u0103 o cre\u0219tere a acestuia ar urca doar \u201eextrem de pu\u021bin\u201d cheltuielile de personal la stat. El a reamintit c\u0103 veniturile demnitarilor sunt \u00eenghe\u021bate la nivelul anilor 2018-2019, ceea ce limiteaz\u0103 efectul direct al unei astfel de m\u0103suri asupra aparatului bugetar.\u200b<\/p>\n<p>\u201eCheltuielile de personal \u00een sistemul bugetar ar cre\u0219te extrem de pu\u021bin cu o astfel de m\u0103sur\u0103, pentru c\u0103 salariile bugetarilor \u0219i ale demnitarilor nu mai sunt demult \u00een practic\u0103 \u00een corelare cu salariul minim.\u00a0Salariile demnitarilor, de exemplu, sunt \u00eenghe\u021bate la 2018-19. (\u2026) A\u0219adar, cre\u0219terea salariului minim ar avea impact favorabil \u00een primul \u0219i \u00een primul r\u00e2nd, \u00een 90% pentru lucr\u0103torii din mediul privat\u201d, a spus Manole, la un post tv.\u00a0<\/p>\n<p>Potrivit ministrului, aproximativ 90% din impactul major\u0103rii salariului minim s-ar resim\u021bi \u00een sectorul privat, acolo unde sunt cei mai mul\u021bi angaja\u021bi pl\u0103ti\u021bi cu acest nivel de remunerare. Manole a subliniat c\u0103 este esen\u021bial ca oamenii care muncesc s\u0103 poat\u0103 merge acas\u0103 cu o remunera\u021bie decent\u0103, care s\u0103 le acopere cheltuielile de baz\u0103, \u00een condi\u021biile \u00een care infla\u021bia r\u0103m\u00e2ne ridicat\u0103 \u0219i \u00een anul viitor, erod\u00e2nd puterea de cump\u0103rare.\u200b<\/p>\n<p>\u201eS\u0103 mearg\u0103 acas\u0103 cu o remunera\u021bie decent\u0103, care s\u0103 le permit\u0103 de la alimenta\u021bie, la cre\u0219terea propriilor copii, chirie \u0219i orice alt\u0103 cheltuial\u0103\u00a0are orice om din aceast\u0103 \u021bar\u0103. Pe m\u0103sur\u0103 ce cre\u0219te infla\u021bia, \u0219i\u00a0infla\u021bia va fi destul de ridicat\u0103 \u0219i anul viitor, conform predic\u021biilor, oamenii \u0103\u0219tia pierd din puterea de cump\u0103rare.\u00a0A zis-o chiar premierul Bolojan\u201d.<\/p>\n<p>Ministrul a invocat \u0219i declara\u021biile premierului Ilie Bolojan privind riscul pierderii puterii de cump\u0103rare pentru salaria\u021bii cu venituri mici, pe fondul infla\u021biei prognozate. Manole a insistat c\u0103 un om care munce\u0219te cu norm\u0103 \u00eentreag\u0103 trebuie s\u0103 aib\u0103 \u201eun trai decent\u201d, de la alimenta\u021bie \u0219i chirie, p\u00e2n\u0103 la cre\u0219terea copiilor \u0219i alte cheltuieli curente.\u200b<\/p>\n<p>Florin Manole a adus \u00een discu\u021bie \u0219i fenomenul \u201emuncii la gri\u201d, d\u00e2nd exemplul unui fost ministru care \u00ee\u0219i pl\u0103tea salariul oficial la nivelul minimului, de\u0219i de\u021binea o clinic\u0103 privat\u0103. El a precizat c\u0103 Inspec\u021bia Muncii aplic\u0103 sanc\u021biuni atunci c\u00e2nd constat\u0103 c\u0103 angaja\u021bii primesc \u00een realitate alte sume dec\u00e2t cele declarate \u0219i c\u0103 majorarea salariului minim poate scoate treptat la suprafa\u021b\u0103 o parte din economia \u201ela negru\u201d \u0219i \u201ela gri\u201d.\u200b<\/p>\n<p>\u201e\u00cen momentul \u00een care inspec\u021bia muncii g\u0103se\u0219te a\u0219a ceva, exist\u0103 sanc\u021biuni \u0219i inspec\u021bia muncii d\u0103 sanc\u021biuni \u00een fiecare zi, de la munc\u0103 pe platforme p\u00e2n\u0103 la lucr\u0103torii din Asia de Sud-Est, care sunt exploata\u021bi atunci c\u00e2nd ei nu au contract.\u00a0Ei bine, ace\u0219ti oameni, da, pe m\u0103sur\u0103 ce cre\u0219te salariul minim, scoatem un pic din economia aia la alb\u201d, a conchis Manole.<\/p>\n<p>Manole a men\u021bionat c\u0103 Inspec\u021bia Muncii d\u0103 amenzi zilnic, de la cazuri de munc\u0103 pe platforme digitale p\u00e2n\u0103 la situa\u021bii \u00een care lucr\u0103tori din Asia de Sud-Est sunt exploata\u021bi \u00een absen\u021ba unor contracte legale. \u00cen opinia sa, cre\u0219terea salariului minim, dublat\u0103 de controale, contribuie la reducerea abuzurilor \u0219i la aducerea unor segmente din economie \u201ela alb\u201d.<\/p>","protected":false},"excerpt":{"rendered":"<p>Manole a explicat c\u0103 salariile bugetarilor \u0219i ale demnitarilor nu mai sunt demult corelate \u00een&hellip;<\/p>\n","protected":false},"author":0,"featured_media":52236,"comment_status":"open","ping_status":"open","sticky":false,"template":"","format":"standard","meta":{"footnotes":""},"categories":[2],"tags":[],"class_list":["post-52241","post","type-post","status-publish","format-standard","has-post-thumbnail","hentry","category-actual"],"_links":{"self":[{"href":"https:\/\/247stiri.ro\/index.php\/wp-json\/wp\/v2\/posts\/52241","targetHints":{"allow":["GET"]}}],"collection":[{"href":"https:\/\/247stiri.ro\/index.php\/wp-json\/wp\/v2\/posts"}],"about":[{"href":"https:\/\/247stiri.ro\/index.php\/wp-json\/wp\/v2\/types\/post"}],"replies":[{"embeddable":true,"href":"https:\/\/247stiri.ro\/index.php\/wp-json\/wp\/v2\/comments?post=52241"}],"version-history":[{"count":0,"href":"https:\/\/247stiri.ro\/index.php\/wp-json\/wp\/v2\/posts\/52241\/revisions"}],"wp:featuredmedia":[{"embeddable":true,"href":"https:\/\/247stiri.ro\/index.php\/wp-json\/wp\/v2\/media\/52236"}],"wp:attachment":[{"href":"https:\/\/247stiri.ro\/index.php\/wp-json\/wp\/v2\/media?parent=52241"}],"wp:term":[{"taxonomy":"category","embeddable":true,"href":"https:\/\/247stiri.ro\/index.php\/wp-json\/wp\/v2\/categories?post=52241"},{"taxonomy":"post_tag","embeddable":true,"href":"https:\/\/247stiri.ro\/index.php\/wp-json\/wp\/v2\/tags?post=52241"}],"curies":[{"name":"wp","href":"https:\/\/api.w.org\/{rel}","templated":true}]}}