{"id":52287,"date":"2025-12-17T07:45:43","date_gmt":"2025-12-17T07:45:43","guid":{"rendered":"https:\/\/247stiri.ro\/index.php\/2025\/12\/17\/oana-toiu-loveste-din-umbra-ong-ista-propulsata-secretar-de-stat-la-externe-psd-scos-din-schema\/"},"modified":"2025-12-17T07:45:43","modified_gmt":"2025-12-17T07:45:43","slug":"oana-toiu-loveste-din-umbra-ong-ista-propulsata-secretar-de-stat-la-externe-psd-scos-din-schema","status":"publish","type":"post","link":"https:\/\/247stiri.ro\/index.php\/2025\/12\/17\/oana-toiu-loveste-din-umbra-ong-ista-propulsata-secretar-de-stat-la-externe-psd-scos-din-schema\/","title":{"rendered":"Oana \u021aoiu love\u0219te din umbr\u0103: ONG-ist\u0103 propulsat\u0103 secretar de stat la Externe, PSD scos din schem\u0103"},"content":{"rendered":"<p>Func\u021bia \u00een care a fost numit\u0103 oengista era destinat\u0103 Partidul Social Democrat conform acordului din coali\u021bia de guvernare.\u00a0<\/p>\n<p>Oana \u021aoiu impune o oengist\u0103 \u00een MAE!<\/p>\n<p>Surse politice au confirmat faptul c\u0103 tensiunile cresc \u00een coali\u021bia de guvernare dup\u0103 ce s\u0103pt\u0103m\u00e2na trecut\u0103 cei de USR, \u00een numele unei false reforme, \u0219i-au numit oamenii \u00een func\u021bii de secretar de stat chiar dac\u0103 acestea reveneau social democra\u021bilor conform protocolului din coali\u021bie, conform <a href=\"https:\/\/www.tonews.ro\/exclusiv-psd-scos-din-schema-pe-furis-oana-toiu-impinge-discret-o-oengista-secretar-de-stat-la-mae\/?fbclid=IwY2xjawOvO0RicmlkETFzVzBBaXg2eFZmRjZuVE54c3J0YwZhcHBfaWQQMjIyMDM5MTc4ODIwMDg5MgABHlsbFbpTFs4Hagj7Uj337dS6JFgQKugyJFTnWYsAwbGrAnOpgmUI2v-UHHC6&amp;brid=faUZvmXE2OoeR4HPpy0GFQ\" target=\"_blank\">tonews.ro<\/a>.<\/p>\n<p>La propunerea Ministrului de Externe, Oana Toiu, pe data de 10 decembrie, premierul Ilie Bolojan a semnat decretul de numire \u00een func\u021bia de secretar de stat pe Clara Volintiru. Aceasta ar urma s\u0103 coordoneze portofoliul pentru rela\u021bii interinstitu\u021bionale \u0219i cooperare pentru dezvoltare \u0219i drepturile omului.<\/p>\n<p>\u201cPrim ministrul Ilie Bolojan a numit-o, la data de 10 decembrie 2025, pe doamna \u00a0Clara-Alexandra Volintiru \u00een func\u021bia de secretar de stat \u00een cadrul Ministerul Afacerilor Externe (MAE).<\/p>\n<p>\u00cen cadrul MAE, Clara Volintiru va coordona portofoliul pentru rela\u021bii interinstitu\u021bionale, cooperare pentru dezvoltare \u0219i drepturile omului. Anterior numirii \u00een func\u021bia de secretar de stat, Clara Volintiru a ocupat func\u021bia de director regional al Black Sea \u2013 German Marshall Fund \u0219i cea de profesor universitar \u00een cadrul Departamentului de Rela\u021bii Economice Interna\u021bionale, Facultatea de Rela\u021bii Economice Interna\u021bionale, Academia de Studii Economice din Bucure\u0219ti (ASE).<\/p>\n<p>Clara Volintiru \u00eent\u0103re\u0219te \u0219i completeaz\u0103 echipa de conducere a MAE, expertiza sa academic\u0103 fiind dublat\u0103 de experien\u021ba de management a unui think-tank transatlantic de anvergur\u0103\u201d, se arat\u0103 \u00een anun\u021bul emis de Centrul de Pres\u0103 MAE.<\/p>\n<p>Cine este Clara Volintiru<\/p>\n<p>Clara Volintiru este o figur\u0103 cunoscut\u0103 \u00een mediul ONG-urilor. Potrivit CV-ului, Clara a ocupat din anul 2022 func\u021bia de Director Regional pentru Regiunea M\u0103rii Negre \u00een cadrul German Marshall Fund of the United States (GMF) \/ Transatlantic Foundation (TF), una dintre cele mai influente organiza\u021bii interna\u021bionale dedicate cooper\u0103rii euro-atlantice. De asemenea, cea care a fost propulsat\u0103 \u00een func\u021bia de secretar de c\u0103tre Oana \u021aoiu \u0219i trecut \u00een CV c\u0103 a bifat func\u021biile de lector \/ conferen\u021biar \/ profesor \u00a0\u00een cadrul Departamentul de Rela\u021bii Economice Interna\u021bionale, Academia de Studii Economice din Bucure\u0219t, din anul 2014 p\u00e2n\u0103 \u00een prezent.<\/p>\n<p>Volintiru, elogii pentru Oana \u021aoiu<\/p>\n<p>\u00cen luna iunie a acestui an, Clara Volintiru s-a num\u0103rat printre cei mai vocali sus\u021bin\u0103tori ai Oanei \u021aoiu atunci c\u00e2nd aceasta a fost nominalizat\u0103 pentru func\u021bia de ministru al afacerilor externe chiar dac\u0103 preg\u0103tire profesional\u0103 nu o recomanda pentru o astfel de func\u021bie. La momentul respectiv, Volintiru a sus\u021binut c\u0103 numirea Oanei \u021aoiu este \u201cmai mult dec\u00e2t binevenit\u0103\u201d.<\/p>\n<p>\u201eO schimbarea de genera\u021bie pe un portofoliu at\u00e2t de complex cum este Ministerul de Externe \u0219i o nominalizare outside the box (n.r. neconven\u021bional\u0103) poate s\u0103 avanseze mai bine lucrurile \u00een condi\u021biile \u00een care ea a dovedit c\u0103 este un partener respectat \u00een re\u021bele interna\u021bionale\u201d, declara Clara Volintiru, pentru hotnews.ro.<\/p>\n<p>Cum orice fapt\u0103 bun\u0103 nu r\u0103m\u00e2ne nerecompensat\u0103, \u0219apte luni mai t\u00e2rziu, Clara Volintiru a fost \u201cpremiat\u0103\u201d cu func\u021bia de secretar de stat. \u00a0Sub pretextul oamenii lor nu sunt buni, sunt sinecuri \u2013 cazul Tamil\u0103 Cristescu \u2013 Oana \u021aoiu, cu un tupeu caracteristic USR \u0219i \u00een numele reformei de la MAE propune spre numirea \u00een func\u021bia de secretar de stat pe \u201cfana nr 1\u201d.<\/p>\n<p>De ce este numirea considerat\u0103 o \u00eenc\u0103lcare a acordului de coali\u021bie<\/p>\n<p>Conform negocierilor ini\u021biale din coali\u021bie, func\u021biile de secretar de stat sunt distribuite propor\u021bional, iar postul ocupat de Volintiru ar fi revenit social-democra\u021bilor. \u00cen PSD se vorbe\u0219te despre faptul c\u0103 aceast\u0103 numire a fost for\u021bat\u0103, f\u0103r\u0103 consult\u0103ri ini\u021biale \u0219i f\u0103r\u0103 un acord ini\u021bial in coali\u021bie, iar decizia reprezint\u0103 o \u00eenc\u0103lcare flagrant\u0103 a protocolului semnat de partidele din coali\u021bie.<\/p>","protected":false},"excerpt":{"rendered":"<p>Func\u021bia \u00een care a fost numit\u0103 oengista era destinat\u0103 Partidul Social Democrat conform acordului din&hellip;<\/p>\n","protected":false},"author":0,"featured_media":52285,"comment_status":"open","ping_status":"open","sticky":false,"template":"","format":"standard","meta":{"footnotes":""},"categories":[2],"tags":[],"class_list":["post-52287","post","type-post","status-publish","format-standard","has-post-thumbnail","hentry","category-actual"],"_links":{"self":[{"href":"https:\/\/247stiri.ro\/index.php\/wp-json\/wp\/v2\/posts\/52287","targetHints":{"allow":["GET"]}}],"collection":[{"href":"https:\/\/247stiri.ro\/index.php\/wp-json\/wp\/v2\/posts"}],"about":[{"href":"https:\/\/247stiri.ro\/index.php\/wp-json\/wp\/v2\/types\/post"}],"replies":[{"embeddable":true,"href":"https:\/\/247stiri.ro\/index.php\/wp-json\/wp\/v2\/comments?post=52287"}],"version-history":[{"count":0,"href":"https:\/\/247stiri.ro\/index.php\/wp-json\/wp\/v2\/posts\/52287\/revisions"}],"wp:featuredmedia":[{"embeddable":true,"href":"https:\/\/247stiri.ro\/index.php\/wp-json\/wp\/v2\/media\/52285"}],"wp:attachment":[{"href":"https:\/\/247stiri.ro\/index.php\/wp-json\/wp\/v2\/media?parent=52287"}],"wp:term":[{"taxonomy":"category","embeddable":true,"href":"https:\/\/247stiri.ro\/index.php\/wp-json\/wp\/v2\/categories?post=52287"},{"taxonomy":"post_tag","embeddable":true,"href":"https:\/\/247stiri.ro\/index.php\/wp-json\/wp\/v2\/tags?post=52287"}],"curies":[{"name":"wp","href":"https:\/\/api.w.org\/{rel}","templated":true}]}}