{"id":52290,"date":"2025-12-17T07:45:45","date_gmt":"2025-12-17T07:45:45","guid":{"rendered":"https:\/\/247stiri.ro\/index.php\/2025\/12\/17\/vacanta-de-iarna-din-2025-cea-mai-lunga-din-anul-scolar-elevii-vor-fi-liberi-19-zile-consecutive\/"},"modified":"2025-12-17T07:45:45","modified_gmt":"2025-12-17T07:45:45","slug":"vacanta-de-iarna-din-2025-cea-mai-lunga-din-anul-scolar-elevii-vor-fi-liberi-19-zile-consecutive","status":"publish","type":"post","link":"https:\/\/247stiri.ro\/index.php\/2025\/12\/17\/vacanta-de-iarna-din-2025-cea-mai-lunga-din-anul-scolar-elevii-vor-fi-liberi-19-zile-consecutive\/","title":{"rendered":"Vacan\u021ba de iarn\u0103 din 2025, cea mai lung\u0103 din anul \u0219colar. Elevii vor fi liberi 19 zile consecutive"},"content":{"rendered":"<p>Vacan\u021ba de Cr\u0103ciun \u00eencepe imediat dup\u0103 \u00eencheierea celui de-al doilea modul de cursuri \u0219i se va termina miercuri, 7 ianuarie 2026. Reluarea orelor este programat\u0103 pentru joi, 8 ianuarie, odat\u0103 cu \u00eenceperea celui de-al treilea modul de \u00eenv\u0103\u021bare.<\/p>\n<p>Perioada de odihn\u0103 include \u0219i zilele libere de Boboteaz\u0103 (6 ianuarie) \u0219i Sf\u00e2ntul Ioan Botez\u0103torul (7 ianuarie), oferind elevilor aproape trei s\u0103pt\u0103m\u00e2ni de vacan\u021b\u0103 continu\u0103.<\/p>\n<p>Structura anului \u0219colar 2025\u20132026<\/p>\n<p>Conform calendarului aprobat de Ministerul Educa\u021biei \u0219i Cercet\u0103rii, perioadele de cursuri care urmeaz\u0103 sunt:<\/p>\n<p>8 ianuarie \u2013 6\/13\/20 februarie 2026, \u00een func\u021bie de decizia inspectoratelor \u0219colare;<\/p>\n<p>16 februarie\/23 februarie\/2 martie \u2013 3 aprilie 2026;<\/p>\n<p>15 aprilie \u2013 19 iunie 2026.<\/p>\n<p>Programele \u201e\u0218coala altfel\u201d \u0219i \u201eS\u0103pt\u0103m\u00e2na verde\u201d se vor desf\u0103\u0219ura \u00eentre 8 septembrie 2025 \u0219i 3 aprilie 2026, conform deciziilor fiec\u0103rei unit\u0103\u021bi de \u00eenv\u0103\u021b\u0103m\u00e2nt.<\/p>\n<p>Vacan\u021ba de schi din februarie 2026<\/p>\n<p>Vacan\u021ba mobil\u0103 din luna februarie, cunoscut\u0103 drept \u201evacan\u021ba de schi\u201d, va fi stabilit\u0103 pe jude\u021be, dup\u0103 urm\u0103torul calendar:<\/p>\n<p>9\u201315 februarie 2026: Bistri\u021ba-N\u0103s\u0103ud, Cluj, Timi\u0219;<\/p>\n<p>16\u201322 februarie 2026: Bihor, S\u0103laj, Arad, Hunedoara, Cara\u0219-Severin, V\u00e2lcea, Gorj, Olt, Dolj, Mehedin\u021bi, Arge\u0219, Bra\u0219ov, D\u00e2mbovi\u021ba, Teleorman, Prahova, Ilfov, Bucure\u0219ti, Buz\u0103u, Ialomi\u021ba, C\u0103l\u0103ra\u0219i, Tulcea, Ia\u0219i;<\/p>\n<p>23 februarie \u2013 1 martie 2026: Satu Mare, Maramure\u0219, Suceava, Boto\u0219ani, Alba, Sibiu, Mure\u0219, Harghita, Covasna, Neam\u021b, Bac\u0103u, Vrancea, Gala\u021bi, Vaslui, Br\u0103ila, Constan\u021ba, Giurgiu.<\/p>","protected":false},"excerpt":{"rendered":"<p>Vacan\u021ba de Cr\u0103ciun \u00eencepe imediat dup\u0103 \u00eencheierea celui de-al doilea modul de cursuri \u0219i se&hellip;<\/p>\n","protected":false},"author":0,"featured_media":52291,"comment_status":"open","ping_status":"open","sticky":false,"template":"","format":"standard","meta":{"footnotes":""},"categories":[2],"tags":[],"class_list":["post-52290","post","type-post","status-publish","format-standard","has-post-thumbnail","hentry","category-actual"],"_links":{"self":[{"href":"https:\/\/247stiri.ro\/index.php\/wp-json\/wp\/v2\/posts\/52290","targetHints":{"allow":["GET"]}}],"collection":[{"href":"https:\/\/247stiri.ro\/index.php\/wp-json\/wp\/v2\/posts"}],"about":[{"href":"https:\/\/247stiri.ro\/index.php\/wp-json\/wp\/v2\/types\/post"}],"replies":[{"embeddable":true,"href":"https:\/\/247stiri.ro\/index.php\/wp-json\/wp\/v2\/comments?post=52290"}],"version-history":[{"count":0,"href":"https:\/\/247stiri.ro\/index.php\/wp-json\/wp\/v2\/posts\/52290\/revisions"}],"wp:featuredmedia":[{"embeddable":true,"href":"https:\/\/247stiri.ro\/index.php\/wp-json\/wp\/v2\/media\/52291"}],"wp:attachment":[{"href":"https:\/\/247stiri.ro\/index.php\/wp-json\/wp\/v2\/media?parent=52290"}],"wp:term":[{"taxonomy":"category","embeddable":true,"href":"https:\/\/247stiri.ro\/index.php\/wp-json\/wp\/v2\/categories?post=52290"},{"taxonomy":"post_tag","embeddable":true,"href":"https:\/\/247stiri.ro\/index.php\/wp-json\/wp\/v2\/tags?post=52290"}],"curies":[{"name":"wp","href":"https:\/\/api.w.org\/{rel}","templated":true}]}}