{"id":52308,"date":"2025-12-17T08:46:06","date_gmt":"2025-12-17T08:46:06","guid":{"rendered":"https:\/\/247stiri.ro\/index.php\/2025\/12\/17\/incepe-procesul-fostului-ministru-psd-razvan-cuc-afla-astazi-daca-va-fi-arestat-preventiv\/"},"modified":"2025-12-17T08:46:06","modified_gmt":"2025-12-17T08:46:06","slug":"incepe-procesul-fostului-ministru-psd-razvan-cuc-afla-astazi-daca-va-fi-arestat-preventiv","status":"publish","type":"post","link":"https:\/\/247stiri.ro\/index.php\/2025\/12\/17\/incepe-procesul-fostului-ministru-psd-razvan-cuc-afla-astazi-daca-va-fi-arestat-preventiv\/","title":{"rendered":"\u00cencepe procesul fostului ministru PSD. R\u0103zvan Cuc afl\u0103 ast\u0103zi dac\u0103 va fi arestat preventiv"},"content":{"rendered":"<p>La ora 11:00, R\u0103zvan Cuc va fi prezentat \u00een fa\u021ba judec\u0103torilor de la Tribunalul Bucure\u0219ti care vor decide dac\u0103 vor dispune sau nu m\u0103sura arestului preventiv pentru 30 de zile, a\u0219a cum au cerut procurorii DNA.\u00a0<\/p>\n<p>Fostul ministru este acuzat c\u0103 \u00eempreun\u0103 cu un om de afaceri ar fi \u00eencercat \u00eel mituiasc\u0103 pe directorul general al Registrului Auto Rom\u00e2n.<\/p>\n<p>\u201dAlexandru R\u0103zvan Cuc i-a garantat lui Mihai Alecu (directorul general al RAR &#8211; n.r.) faptul c\u0103 numitul C\u0103t\u0103lin Daniel Bu\u0219e ar fi un om de \u00eencredere \u0219i c\u0103 \u00ee\u0219i va \u021bine promisiunea \u00een sensul c\u0103 \u00eei va remite procentul de 6% din valoarea total\u0103 a viitorului contract (aproximativ 30 milioane lei). Directorul general a declinat oferta\u201d, potrivit dosarului DNA.\u00a0Porcurorii anticorup\u021bie spun c\u0103 mita urma s\u0103 \u00eei fie pl\u0103tit\u0103 directorului Registrului Auto Rom\u00e2n \u00eentr-o jum\u0103tate de an, \u00een mai multe tran\u0219e, dup\u0103 semnarea contractului.<\/p>\n<p>Potrivit lor, \u00een\u021belegerea se referea la mentenan\u021ba \u0219i service-ul unor echipamente de diagnoz\u0103 folosite de Registrul Auto Rom\u00e2n, iar fostul ministru al Transporturilor este artizanul afacerii.<\/p>\n<p>\u00a0<\/p>","protected":false},"excerpt":{"rendered":"<p>La ora 11:00, R\u0103zvan Cuc va fi prezentat \u00een fa\u021ba judec\u0103torilor de la Tribunalul Bucure\u0219ti&hellip;<\/p>\n","protected":false},"author":0,"featured_media":52309,"comment_status":"open","ping_status":"open","sticky":false,"template":"","format":"standard","meta":{"footnotes":""},"categories":[2],"tags":[],"class_list":["post-52308","post","type-post","status-publish","format-standard","has-post-thumbnail","hentry","category-actual"],"_links":{"self":[{"href":"https:\/\/247stiri.ro\/index.php\/wp-json\/wp\/v2\/posts\/52308","targetHints":{"allow":["GET"]}}],"collection":[{"href":"https:\/\/247stiri.ro\/index.php\/wp-json\/wp\/v2\/posts"}],"about":[{"href":"https:\/\/247stiri.ro\/index.php\/wp-json\/wp\/v2\/types\/post"}],"replies":[{"embeddable":true,"href":"https:\/\/247stiri.ro\/index.php\/wp-json\/wp\/v2\/comments?post=52308"}],"version-history":[{"count":0,"href":"https:\/\/247stiri.ro\/index.php\/wp-json\/wp\/v2\/posts\/52308\/revisions"}],"wp:featuredmedia":[{"embeddable":true,"href":"https:\/\/247stiri.ro\/index.php\/wp-json\/wp\/v2\/media\/52309"}],"wp:attachment":[{"href":"https:\/\/247stiri.ro\/index.php\/wp-json\/wp\/v2\/media?parent=52308"}],"wp:term":[{"taxonomy":"category","embeddable":true,"href":"https:\/\/247stiri.ro\/index.php\/wp-json\/wp\/v2\/categories?post=52308"},{"taxonomy":"post_tag","embeddable":true,"href":"https:\/\/247stiri.ro\/index.php\/wp-json\/wp\/v2\/tags?post=52308"}],"curies":[{"name":"wp","href":"https:\/\/api.w.org\/{rel}","templated":true}]}}