{"id":52310,"date":"2025-12-17T08:46:07","date_gmt":"2025-12-17T08:46:07","guid":{"rendered":"https:\/\/247stiri.ro\/index.php\/2025\/12\/17\/marius-budai-premierul-bolojan-este-obligat-sa-majoreze-salariul-minim-opiniile-sale-sunt-irelevante-in-fata-obligatiei-legale\/"},"modified":"2025-12-17T08:46:07","modified_gmt":"2025-12-17T08:46:07","slug":"marius-budai-premierul-bolojan-este-obligat-sa-majoreze-salariul-minim-opiniile-sale-sunt-irelevante-in-fata-obligatiei-legale","status":"publish","type":"post","link":"https:\/\/247stiri.ro\/index.php\/2025\/12\/17\/marius-budai-premierul-bolojan-este-obligat-sa-majoreze-salariul-minim-opiniile-sale-sunt-irelevante-in-fata-obligatiei-legale\/","title":{"rendered":"Marius Bud\u0103i: \u201ePremierul Bolojan este obligat s\u0103 majoreze salariul minim. Opiniile sale sunt irelevante \u00een fa\u021ba obliga\u021biei legale\u201d"},"content":{"rendered":"<p>\u201ePe legisla\u021bia \u00een vigoare, domnul prim-ministru Bolojan este obligat s\u0103 majoreze salariul minim. A\u0219adar, opiniile sale pe acest subiect sunt irelevante \u00een fa\u021ba obliga\u021biei legale. Probabil se g\u00e2nde\u0219te la o derogare de la lege printr-o ordonan\u021b\u0103 de urgen\u021b\u0103. Sfatul meu este s\u0103 nu se joace cu focul!\u201d, a avertizat Bud\u0103i \u00eentr-o postare pe Facebook.<\/p>\n<p>Social-democratul a precizat c\u0103 salariul minim pentru anul 2026 trebuie s\u0103 se situeze \u201e\u00eentre 47% \u0219i 52% din salariul mediu brut\u201d, care \u00een luna octombrie a ajuns la 9.152 lei. Astfel, potrivit calculelor sale, nivelul minim ar trebui stabilit \u00eentre 4.300 \u0219i 4.760 de lei.<\/p>\n<p>Bud\u0103i a criticat, totodat\u0103, pozi\u021biile reprezentan\u021bilor USR, afirm\u00e2nd c\u0103 \u201esalariul minim nu se stabile\u0219te din pix\u201d. Acesta a pledat pentru men\u021binerea scutirii de taxe pentru primii 300 de lei din salariul minim \u0219i a reluat propunerea PSD privind introducerea impozit\u0103rii progresive, care ar reduce povara fiscal\u0103 pe salariile mici.<\/p>\n<p>\u201eIar dac\u0103 PNL \u0219i USR vor cu adev\u0103rat s\u0103 sus\u021bin\u0103 mediul de afaceri, atunci s\u0103 accepte propunerea PSD privind impozitarea progresiv\u0103, cu sc\u0103derea de taxe pe salariile mici, deci \u0219i pe salariul minim, ceea ce implic\u0103 un cost mai mic al for\u021bei de munc\u0103 pentru firme.\u201d, a transmis liderul social-democrat.<\/p>","protected":false},"excerpt":{"rendered":"<p>\u201ePe legisla\u021bia \u00een vigoare, domnul prim-ministru Bolojan este obligat s\u0103 majoreze salariul minim. A\u0219adar, opiniile&hellip;<\/p>\n","protected":false},"author":0,"featured_media":52306,"comment_status":"open","ping_status":"open","sticky":false,"template":"","format":"standard","meta":{"footnotes":""},"categories":[2],"tags":[],"class_list":["post-52310","post","type-post","status-publish","format-standard","has-post-thumbnail","hentry","category-actual"],"_links":{"self":[{"href":"https:\/\/247stiri.ro\/index.php\/wp-json\/wp\/v2\/posts\/52310","targetHints":{"allow":["GET"]}}],"collection":[{"href":"https:\/\/247stiri.ro\/index.php\/wp-json\/wp\/v2\/posts"}],"about":[{"href":"https:\/\/247stiri.ro\/index.php\/wp-json\/wp\/v2\/types\/post"}],"replies":[{"embeddable":true,"href":"https:\/\/247stiri.ro\/index.php\/wp-json\/wp\/v2\/comments?post=52310"}],"version-history":[{"count":0,"href":"https:\/\/247stiri.ro\/index.php\/wp-json\/wp\/v2\/posts\/52310\/revisions"}],"wp:featuredmedia":[{"embeddable":true,"href":"https:\/\/247stiri.ro\/index.php\/wp-json\/wp\/v2\/media\/52306"}],"wp:attachment":[{"href":"https:\/\/247stiri.ro\/index.php\/wp-json\/wp\/v2\/media?parent=52310"}],"wp:term":[{"taxonomy":"category","embeddable":true,"href":"https:\/\/247stiri.ro\/index.php\/wp-json\/wp\/v2\/categories?post=52310"},{"taxonomy":"post_tag","embeddable":true,"href":"https:\/\/247stiri.ro\/index.php\/wp-json\/wp\/v2\/tags?post=52310"}],"curies":[{"name":"wp","href":"https:\/\/api.w.org\/{rel}","templated":true}]}}