{"id":52374,"date":"2025-12-17T12:46:01","date_gmt":"2025-12-17T12:46:01","guid":{"rendered":"https:\/\/247stiri.ro\/index.php\/2025\/12\/17\/bolojan-o-contrazice-pe-ioana-dogioiu-purtatoarea-de-cuvant-a-guvernului-nu-m-am-insurat\/"},"modified":"2025-12-17T12:46:01","modified_gmt":"2025-12-17T12:46:01","slug":"bolojan-o-contrazice-pe-ioana-dogioiu-purtatoarea-de-cuvant-a-guvernului-nu-m-am-insurat","status":"publish","type":"post","link":"https:\/\/247stiri.ro\/index.php\/2025\/12\/17\/bolojan-o-contrazice-pe-ioana-dogioiu-purtatoarea-de-cuvant-a-guvernului-nu-m-am-insurat\/","title":{"rendered":"Bolojan o contrazice pe Ioana Dogioiu, purt\u0103toarea de cuv\u00e2nt a Guvernului: \u201eNu m-am \u00eensurat\u201d"},"content":{"rendered":"<p>\u00cen urm\u0103 cu scurt timp, Ilie Bolojan a avut o declara\u021bie pentru a dezmin\u021bi afirma\u021biile purt\u0103torului de cuv\u00e2nt al Guvernului, Ioana Ene Dogioiu, cu privire la c\u0103s\u0103toria pe care acesta ar fi avut-o. \u00a0<\/p>\n<p>Ioana Ene Dogioiu a declarat \u00een urm\u0103 cu c\u00e2teva s\u0103pt\u0103m\u00e2ni: \u201eSo\u021bia domnului Ilie Bolojan \u0219i-a pl\u0103tit din fonduri proprii toate costurile ocazionale pentru deplasarea la Viena, unde l-a \u00eenso\u021bit pe premier la un eveniment al comunit\u0103\u021bii rom\u00e2ne\u0219ti.\u201d\u00a0<\/p>\n<p>Ast\u0103zi, premierul a dezmin\u021bit aceast\u0103 informa\u021bie: \u201eNu m-am c\u0103s\u0103torit recent, uneori afli lucruri noi despre tine.\u201d<\/p>","protected":false},"excerpt":{"rendered":"<p>\u00cen urm\u0103 cu scurt timp, Ilie Bolojan a avut o declara\u021bie pentru a dezmin\u021bi afirma\u021biile&hellip;<\/p>\n","protected":false},"author":0,"featured_media":52367,"comment_status":"open","ping_status":"open","sticky":false,"template":"","format":"standard","meta":{"footnotes":""},"categories":[2],"tags":[],"class_list":["post-52374","post","type-post","status-publish","format-standard","has-post-thumbnail","hentry","category-actual"],"_links":{"self":[{"href":"https:\/\/247stiri.ro\/index.php\/wp-json\/wp\/v2\/posts\/52374","targetHints":{"allow":["GET"]}}],"collection":[{"href":"https:\/\/247stiri.ro\/index.php\/wp-json\/wp\/v2\/posts"}],"about":[{"href":"https:\/\/247stiri.ro\/index.php\/wp-json\/wp\/v2\/types\/post"}],"replies":[{"embeddable":true,"href":"https:\/\/247stiri.ro\/index.php\/wp-json\/wp\/v2\/comments?post=52374"}],"version-history":[{"count":0,"href":"https:\/\/247stiri.ro\/index.php\/wp-json\/wp\/v2\/posts\/52374\/revisions"}],"wp:featuredmedia":[{"embeddable":true,"href":"https:\/\/247stiri.ro\/index.php\/wp-json\/wp\/v2\/media\/52367"}],"wp:attachment":[{"href":"https:\/\/247stiri.ro\/index.php\/wp-json\/wp\/v2\/media?parent=52374"}],"wp:term":[{"taxonomy":"category","embeddable":true,"href":"https:\/\/247stiri.ro\/index.php\/wp-json\/wp\/v2\/categories?post=52374"},{"taxonomy":"post_tag","embeddable":true,"href":"https:\/\/247stiri.ro\/index.php\/wp-json\/wp\/v2\/tags?post=52374"}],"curies":[{"name":"wp","href":"https:\/\/api.w.org\/{rel}","templated":true}]}}