{"id":52379,"date":"2025-12-17T12:46:04","date_gmt":"2025-12-17T12:46:04","guid":{"rendered":"https:\/\/247stiri.ro\/index.php\/2025\/12\/17\/fermierii-francezi-protesteaza-in-fata-parlamentului-european-de-la-strasbourg-zeci-de-utiaje-blocheaza-accesul-in-institutie\/"},"modified":"2025-12-17T12:46:04","modified_gmt":"2025-12-17T12:46:04","slug":"fermierii-francezi-protesteaza-in-fata-parlamentului-european-de-la-strasbourg-zeci-de-utiaje-blocheaza-accesul-in-institutie","status":"publish","type":"post","link":"https:\/\/247stiri.ro\/index.php\/2025\/12\/17\/fermierii-francezi-protesteaza-in-fata-parlamentului-european-de-la-strasbourg-zeci-de-utiaje-blocheaza-accesul-in-institutie\/","title":{"rendered":"Fermierii francezi protesteaz\u0103 \u00een fa\u021ba Parlamentului European de la Strasbourg. Zeci de utiaje blocheaz\u0103 accesul \u00een institu\u021bie"},"content":{"rendered":"<p>Aceast\u0103 manifestare are loc la numai c\u00e2teva zile, dup\u0103 ce fermierii din Fran\u021ba au blocat autostr\u0103zile \u0219i au aruncat gunoi de grajd l\u00e2ng\u0103 sediile institu\u021biilor publice.\u00a0<\/p>\n<p>Mar\u021bi, ace\u0219tia au blocat intrarea \u00een fa\u021ba Parlamentului European de la Strasbourg cu zeci de utilaje agricole \u0219i au afi\u0219at multe bannere prin care \u0219i-au exprimat nemul\u021bumirile.<\/p>\n<p>\u201dNe \u00eendrept\u0103m direct spre dezastru cu acest guvern\u201d, scrie pe unul dintre bannerele afi\u0219ate.<\/p>\n<p>Autorit\u0103\u021bile franceze au anun\u021bat c\u0103 vor vaccina un milion de bovine \u00eempotriva dermatozei nodulare contagioase, \u00eencerc\u00e2nd s\u0103 opreasc\u0103 sacrificarea \u00een mas\u0103 a animalelor.<\/p>\n<p>Anun\u021bul privind vaccinarea a fost f\u0103cut s\u00e2mb\u0103t\u0103 de ministrul Agriculturii, Annie Genevard, dup\u0103 ce protestele fermierilor s-au extins \u00een mai multe regiuni ale \u021b\u0103rii.<\/p>\n<p>\u201dVom vaccina aproape un milion de animale \u00een urm\u0103toarele s\u0103pt\u0103m\u00e2ni \u0219i \u00eei vom proteja pe fermieri\u201d, a declarat Annie Genevard.<\/p>","protected":false},"excerpt":{"rendered":"<p>Aceast\u0103 manifestare are loc la numai c\u00e2teva zile, dup\u0103 ce fermierii din Fran\u021ba au blocat&hellip;<\/p>\n","protected":false},"author":0,"featured_media":52380,"comment_status":"open","ping_status":"open","sticky":false,"template":"","format":"standard","meta":{"footnotes":""},"categories":[2],"tags":[],"class_list":["post-52379","post","type-post","status-publish","format-standard","has-post-thumbnail","hentry","category-actual"],"_links":{"self":[{"href":"https:\/\/247stiri.ro\/index.php\/wp-json\/wp\/v2\/posts\/52379","targetHints":{"allow":["GET"]}}],"collection":[{"href":"https:\/\/247stiri.ro\/index.php\/wp-json\/wp\/v2\/posts"}],"about":[{"href":"https:\/\/247stiri.ro\/index.php\/wp-json\/wp\/v2\/types\/post"}],"replies":[{"embeddable":true,"href":"https:\/\/247stiri.ro\/index.php\/wp-json\/wp\/v2\/comments?post=52379"}],"version-history":[{"count":0,"href":"https:\/\/247stiri.ro\/index.php\/wp-json\/wp\/v2\/posts\/52379\/revisions"}],"wp:featuredmedia":[{"embeddable":true,"href":"https:\/\/247stiri.ro\/index.php\/wp-json\/wp\/v2\/media\/52380"}],"wp:attachment":[{"href":"https:\/\/247stiri.ro\/index.php\/wp-json\/wp\/v2\/media?parent=52379"}],"wp:term":[{"taxonomy":"category","embeddable":true,"href":"https:\/\/247stiri.ro\/index.php\/wp-json\/wp\/v2\/categories?post=52379"},{"taxonomy":"post_tag","embeddable":true,"href":"https:\/\/247stiri.ro\/index.php\/wp-json\/wp\/v2\/tags?post=52379"}],"curies":[{"name":"wp","href":"https:\/\/api.w.org\/{rel}","templated":true}]}}