{"id":52394,"date":"2025-12-17T13:45:02","date_gmt":"2025-12-17T13:45:02","guid":{"rendered":"https:\/\/247stiri.ro\/index.php\/2025\/12\/17\/bolojan-recunoaste-ca-coalitia-este-la-un-pas-de-rupere-e-greu-sa-faci-echipa-cu-oameni-care-se-porcaiesc\/"},"modified":"2025-12-17T13:45:02","modified_gmt":"2025-12-17T13:45:02","slug":"bolojan-recunoaste-ca-coalitia-este-la-un-pas-de-rupere-e-greu-sa-faci-echipa-cu-oameni-care-se-porcaiesc","status":"publish","type":"post","link":"https:\/\/247stiri.ro\/index.php\/2025\/12\/17\/bolojan-recunoaste-ca-coalitia-este-la-un-pas-de-rupere-e-greu-sa-faci-echipa-cu-oameni-care-se-porcaiesc\/","title":{"rendered":"Bolojan recunoa\u0219te c\u0103 Coali\u021bia este la un pas de rupere: E greu s\u0103 faci echip\u0103 cu oameni care se porc\u0103iesc"},"content":{"rendered":"<p>Ilie Bolojan spune c\u0103 este nevoie de o resetare, pentru c\u0103 nu pot face o echip\u0103 puternic\u0103 \u201eoamenii care se porc\u0103iesc\u201d.<\/p>\n<p>\u201eE greu s\u0103 faci echipe puternice. M\u00e2ine, dac\u0103 ast\u0103zi oamenii, ierta\u021bi-m\u0103, se porc\u0103iesc \u00eentre ei, coboar\u0103 critica la un nivel care nu este de natur\u0103 a crea \u00eencredere \u0219i eu cred c\u0103 din aceste dispute \u00eentre partidele din coali\u021bie, nu c\u00e2\u0219tig\u0103 nici unul dintre partidele care sunt \u00een coali\u021bie.<\/p>\n<p>Avem dou\u0103 posibilit\u0103\u021bi: s\u0103 reset\u0103m lucrurile \u00een aceast\u0103 coali\u021bie, s\u0103 le rea\u0219ez\u0103m f\u0103c\u00e2nd o evaluare ce a mers bine, ce a mers prost \u0219i s\u0103 mergem mai departe, o ipotez\u0103 de lucru pe care o consider fezabil\u0103, dac\u0103 suntem oameni responsabili, a doua ipotez\u0103 de lucru este s\u0103 continu\u0103m \u00een felul acesta azi cu o mo\u021biune \u00eempotriva unui ministru, m\u00e2ine cu alt\u0103 mo\u021biune \u00eempotriva altui ministru, poim\u00e2ine un partid \u00eel cheam\u0103 pe ministrul celuilalt partid \u00een Parlament, apar invective, critici \u0219i degradarea rela\u021biilor se va accentua.<\/p>\n<p>\u0218i asta \u00eenseamn\u0103 c\u0103 lucrurile vor degenera \u0219i e doar o problem\u0103 de timp. Va fi greu ca aceast\u0103 coali\u021bie s\u0103 mai func\u021bioneze.\u201d, a declarat Ilie Bolojan.<\/p>","protected":false},"excerpt":{"rendered":"<p>Ilie Bolojan spune c\u0103 este nevoie de o resetare, pentru c\u0103 nu pot face o&hellip;<\/p>\n","protected":false},"author":0,"featured_media":52390,"comment_status":"open","ping_status":"open","sticky":false,"template":"","format":"standard","meta":{"footnotes":""},"categories":[2],"tags":[],"class_list":["post-52394","post","type-post","status-publish","format-standard","has-post-thumbnail","hentry","category-actual"],"_links":{"self":[{"href":"https:\/\/247stiri.ro\/index.php\/wp-json\/wp\/v2\/posts\/52394","targetHints":{"allow":["GET"]}}],"collection":[{"href":"https:\/\/247stiri.ro\/index.php\/wp-json\/wp\/v2\/posts"}],"about":[{"href":"https:\/\/247stiri.ro\/index.php\/wp-json\/wp\/v2\/types\/post"}],"replies":[{"embeddable":true,"href":"https:\/\/247stiri.ro\/index.php\/wp-json\/wp\/v2\/comments?post=52394"}],"version-history":[{"count":0,"href":"https:\/\/247stiri.ro\/index.php\/wp-json\/wp\/v2\/posts\/52394\/revisions"}],"wp:featuredmedia":[{"embeddable":true,"href":"https:\/\/247stiri.ro\/index.php\/wp-json\/wp\/v2\/media\/52390"}],"wp:attachment":[{"href":"https:\/\/247stiri.ro\/index.php\/wp-json\/wp\/v2\/media?parent=52394"}],"wp:term":[{"taxonomy":"category","embeddable":true,"href":"https:\/\/247stiri.ro\/index.php\/wp-json\/wp\/v2\/categories?post=52394"},{"taxonomy":"post_tag","embeddable":true,"href":"https:\/\/247stiri.ro\/index.php\/wp-json\/wp\/v2\/tags?post=52394"}],"curies":[{"name":"wp","href":"https:\/\/api.w.org\/{rel}","templated":true}]}}