{"id":52397,"date":"2025-12-17T13:45:03","date_gmt":"2025-12-17T13:45:03","guid":{"rendered":"https:\/\/247stiri.ro\/index.php\/2025\/12\/17\/ue-extinde-taxa-pe-carbon-masinile-de-spalat-si-piesele-auto-de-import-vizate-de-noile-reguli\/"},"modified":"2025-12-17T13:45:03","modified_gmt":"2025-12-17T13:45:03","slug":"ue-extinde-taxa-pe-carbon-masinile-de-spalat-si-piesele-auto-de-import-vizate-de-noile-reguli","status":"publish","type":"post","link":"https:\/\/247stiri.ro\/index.php\/2025\/12\/17\/ue-extinde-taxa-pe-carbon-masinile-de-spalat-si-piesele-auto-de-import-vizate-de-noile-reguli\/","title":{"rendered":"UE extinde taxa pe carbon: ma\u0219inile de sp\u0103lat \u0219i piesele auto de import, vizate de noile reguli"},"content":{"rendered":"<p>Comisia European\u0103, condus\u0103 de Ursula von der Leyen, a publicat miercuri propuneri pentru a extinde Mecanismul de Ajustare a Carbonului la Frontier\u0103 (CBAM) \u2013 prima tax\u0103 vamal\u0103 pe carbon la nivel global \u2013 la produse cu pondere mare de o\u021bel \u0219i aluminiu, precum ma\u0219ini de sp\u0103lat, piese auto, utilaje \u0219i construc\u021bii.<\/p>\n<p>Taxa, aflat\u0103 acum \u00een faz\u0103 pilot, va genera costuri efective din ianuarie 2026, fiind legat\u0103 de pre\u021bul carbonului pl\u0103tit de firmele UE, iar companiile vor avea termen p\u00e2n\u0103 \u00een septembrie 2027 pentru a cump\u0103ra certificate.\u200b<\/p>\n<p>Planurile sunt salutate de industria european\u0103, care le vede ca o modalitate de a \u00eenchide bre\u0219e exploatate de firme str\u0103ine \u2013 \u00een special din China \u2013 pentru a evita plata prin \u201eajust\u0103ri\u201d strategice ale emisiilor raportate, conform <a href=\"https:\/\/www.reuters.com\/sustainability\/climate-energy\/eu-strengthen-carbon-levy-high-emission-imports-crack-down-attempts-dodge-it-2025-12-17\/\" target=\"_blank\">Reuters<\/a>.<\/p>\n<p>Wopke Hoekstra, comisarul european pentru clim\u0103, a subliniat: \u201eNu cerem nimic \u00een plus, dar nici nimic mai pu\u021bin pentru bunurile care intr\u0103 \u00een UE\u201d. Leon de Graaf, de la \u201eBusiness for CBAM Coalition\u201d, apreciaz\u0103 focusul pe produsele cu risc mare de relocare a emisiilor.\u200b<\/p>\n<p>UE va impune valori \u201eimplicite\u201d de emisii pentru \u021b\u0103ri care nu raporteaz\u0103 corect, cresc\u00e2nd astfel facturile CBAM \u0219i descuraj\u00e2nd practicile de evitare.<\/p>\n<p>De\u0219i criticate de China, India \u0219i Africa de Sud, m\u0103surile au determinat aceste state s\u0103 dezvolte propriile sisteme de pre\u021b pe carbon, dup\u0103 anun\u021bul din 2021. 25% din venituri vor compensa produc\u0103torii europeni care investesc \u00een tehnologii mai verzi, propunerile necesit\u00e2nd aprobarea statelor membre \u0219i a Parlamentului European.<\/p>","protected":false},"excerpt":{"rendered":"<p>Comisia European\u0103, condus\u0103 de Ursula von der Leyen, a publicat miercuri propuneri pentru a extinde&hellip;<\/p>\n","protected":false},"author":0,"featured_media":52384,"comment_status":"open","ping_status":"open","sticky":false,"template":"","format":"standard","meta":{"footnotes":""},"categories":[2],"tags":[],"class_list":["post-52397","post","type-post","status-publish","format-standard","has-post-thumbnail","hentry","category-actual"],"_links":{"self":[{"href":"https:\/\/247stiri.ro\/index.php\/wp-json\/wp\/v2\/posts\/52397","targetHints":{"allow":["GET"]}}],"collection":[{"href":"https:\/\/247stiri.ro\/index.php\/wp-json\/wp\/v2\/posts"}],"about":[{"href":"https:\/\/247stiri.ro\/index.php\/wp-json\/wp\/v2\/types\/post"}],"replies":[{"embeddable":true,"href":"https:\/\/247stiri.ro\/index.php\/wp-json\/wp\/v2\/comments?post=52397"}],"version-history":[{"count":0,"href":"https:\/\/247stiri.ro\/index.php\/wp-json\/wp\/v2\/posts\/52397\/revisions"}],"wp:featuredmedia":[{"embeddable":true,"href":"https:\/\/247stiri.ro\/index.php\/wp-json\/wp\/v2\/media\/52384"}],"wp:attachment":[{"href":"https:\/\/247stiri.ro\/index.php\/wp-json\/wp\/v2\/media?parent=52397"}],"wp:term":[{"taxonomy":"category","embeddable":true,"href":"https:\/\/247stiri.ro\/index.php\/wp-json\/wp\/v2\/categories?post=52397"},{"taxonomy":"post_tag","embeddable":true,"href":"https:\/\/247stiri.ro\/index.php\/wp-json\/wp\/v2\/tags?post=52397"}],"curies":[{"name":"wp","href":"https:\/\/api.w.org\/{rel}","templated":true}]}}