{"id":52485,"date":"2025-12-17T22:46:35","date_gmt":"2025-12-17T22:46:35","guid":{"rendered":"https:\/\/247stiri.ro\/index.php\/2025\/12\/17\/donald-trump-a-adaugat-descrieri-la-galeria-de-portrete-ale-fostilor-presedinti-sua-jigniri-pe-banda-rulanta-pentru-obama-si-biden\/"},"modified":"2025-12-17T22:46:35","modified_gmt":"2025-12-17T22:46:35","slug":"donald-trump-a-adaugat-descrieri-la-galeria-de-portrete-ale-fostilor-presedinti-sua-jigniri-pe-banda-rulanta-pentru-obama-si-biden","status":"publish","type":"post","link":"https:\/\/247stiri.ro\/index.php\/2025\/12\/17\/donald-trump-a-adaugat-descrieri-la-galeria-de-portrete-ale-fostilor-presedinti-sua-jigniri-pe-banda-rulanta-pentru-obama-si-biden\/","title":{"rendered":"Donald Trump a ad\u0103ugat descrieri la galeria de portrete ale fo\u0219tilor pre\u0219edin\u021bi SUA. Jigniri pe band\u0103 rulant\u0103 pentru Obama \u0219i Biden"},"content":{"rendered":"<p>Pre\u0219edintele republican f\u0103cuse deja v\u00e2lv\u0103 instal\u00e2nd sub o colonad\u0103 exterioar\u0103 care duce la Biroul Oval o galerie de portrete ale fo\u0219tilor pre\u0219edin\u021bi \u00een care fotografia lui Joe Biden a fost \u00eenlocuit\u0103 cu una a unui dispozitiv automat de semnare, scriu jurnali\u0219tii britanici, cita\u021bi de Agerpres.<\/p>\n<p>Acest lucru reflect\u0103 afirma\u021biile lui Donald Trump conform c\u0103rora predecesorul s\u0103u era senil \u0219i nu mai era capabil s\u0103 guverneze.<\/p>\n<p>Miercuri, jurnali\u0219tii au descoperit c\u0103 sub portrete au fost ad\u0103ugate pl\u0103ci cu scurte biografii.Cele pentru Joe Biden \u0219i Barack Obama sunt, a\u0219a cum era de a\u0219teptat, extrem de critice.Primul pre\u0219edinte de culoare al Statelor Unite este descris drept &#8222;una dintre cele mai controversate figuri politice din istorie&#8221;. El este, de asemenea, numit &#8222;Barack Hussein Obama&#8221;, \u00een maniera lui Donald Trump, care a contribuit la amplificarea teoriilor conspira\u021biei despre originile predecesorului s\u0103u.<\/p>\n\n<p><a title=\"Sefa de cabinet de la Casa Alba l-a facut pe Trump alcoolic, pe Musk drogat si pe Vance conspirationist. Ce a raspuns presedintele\" href=\"https:\/\/www.realitatea.net\/stiri\/actual\/sefa-de-cabinet-de-la-casa-alba-la-facut-pe-trump-alcoolic-pe-musk-drogat-si-pe-vance-conspirationist-ce-a-raspuns-presedintele_6942c418aa3fd866fd0fcb34\">\u0218efa de cabinet de la Casa Alb\u0103 l-a f\u0103cut pe Trump alcoolic, pe Musk drogat \u0219i pe Vance conspira\u021bionist. Ce a r\u0103spuns pre\u0219edintele<\/a>Joe Biden este descris \u00een urm\u0103torii termeni: &#8222;Somnorosul Joe Biden a fost, de departe, cel mai prost pre\u0219edinte din istoria Statelor Unite.&#8221;Placa repet\u0103, de asemenea, afirma\u021bia fals\u0103 conform c\u0103reia alegerile din 2020 i-au fost furate lui Donald Trump.\u00cen ceea ce-l prive\u0219te pe actualul pre\u0219edinte, biografia sa este, desigur, extrem de laudativ\u0103, scrie AFP.Ea indic\u0103 faptul c\u0103 Trump a pus cap\u0103t la opt conflicte \u00een opt luni, o cifr\u0103 considerat\u0103 a fi fabricat\u0103, \u0219i c\u0103 a generat investi\u021bii de mii de miliarde de dolari \u00een Statele Unite, o afirma\u021bie neverificabil\u0103.<\/p>\n<p>De la revenirea la putere pe 20 ianuarie, Donald Trump a transformat Casa Alb\u0103 \u00eentr-un decor conceput dup\u0103 gustul s\u0103u \u0219i menit a-i sl\u0103vi gloria.\u00cen afar\u0103 de construirea unei s\u0103li de bal gigantice, a \u00eenmul\u021bit ornamentele aurite \u0219i a at\u00e2rnat portrete ale sale &#8211; merg\u00e2nd \u00eempotriva obiceiului prin care efigia unui pre\u0219edinte nu este expus\u0103 dec\u00e2t dup\u0103 ce acesta a p\u0103r\u0103sit puterea.<\/p>\n<p><a title=\"Se ascut sabiile la Washington. Congresul SUA sfideaza deschis linia lui Trump pe tema Europei si vine cu o strategie de aparare diferita\" href=\"https:\/\/www.realitatea.net\/stiri\/actual\/sau-ascutit-sabiile-la-washington-congresul-sua-sfideaza-deschis-linia-lui-trump-pe-tema-europei-si-vine-cu-o-strategie-de-aparare-diferita_694315359396eb1a6a5dd843\">Se ascut s\u0103biile la Washington. Congresul SUA sfideaz\u0103 deschis linia lui Trump pe tema Europei \u0219i vine cu o strategie de ap\u0103rare diferit\u0103<\/a><\/p>","protected":false},"excerpt":{"rendered":"<p>Pre\u0219edintele republican f\u0103cuse deja v\u00e2lv\u0103 instal\u00e2nd sub o colonad\u0103 exterioar\u0103 care duce la Biroul Oval&hellip;<\/p>\n","protected":false},"author":0,"featured_media":52484,"comment_status":"open","ping_status":"open","sticky":false,"template":"","format":"standard","meta":{"footnotes":""},"categories":[2],"tags":[],"class_list":["post-52485","post","type-post","status-publish","format-standard","has-post-thumbnail","hentry","category-actual"],"_links":{"self":[{"href":"https:\/\/247stiri.ro\/index.php\/wp-json\/wp\/v2\/posts\/52485","targetHints":{"allow":["GET"]}}],"collection":[{"href":"https:\/\/247stiri.ro\/index.php\/wp-json\/wp\/v2\/posts"}],"about":[{"href":"https:\/\/247stiri.ro\/index.php\/wp-json\/wp\/v2\/types\/post"}],"replies":[{"embeddable":true,"href":"https:\/\/247stiri.ro\/index.php\/wp-json\/wp\/v2\/comments?post=52485"}],"version-history":[{"count":0,"href":"https:\/\/247stiri.ro\/index.php\/wp-json\/wp\/v2\/posts\/52485\/revisions"}],"wp:featuredmedia":[{"embeddable":true,"href":"https:\/\/247stiri.ro\/index.php\/wp-json\/wp\/v2\/media\/52484"}],"wp:attachment":[{"href":"https:\/\/247stiri.ro\/index.php\/wp-json\/wp\/v2\/media?parent=52485"}],"wp:term":[{"taxonomy":"category","embeddable":true,"href":"https:\/\/247stiri.ro\/index.php\/wp-json\/wp\/v2\/categories?post=52485"},{"taxonomy":"post_tag","embeddable":true,"href":"https:\/\/247stiri.ro\/index.php\/wp-json\/wp\/v2\/tags?post=52485"}],"curies":[{"name":"wp","href":"https:\/\/api.w.org\/{rel}","templated":true}]}}