{"id":52493,"date":"2025-12-18T05:44:48","date_gmt":"2025-12-18T05:44:48","guid":{"rendered":"https:\/\/247stiri.ro\/index.php\/2025\/12\/18\/giorgia-meloni-din-nou-virala-reactia-care-a-starnit-zambete-la-intalnirea-cu-presedintele-mozambicului-a-ramas-uimita-de-inaltimea-acestuia\/"},"modified":"2025-12-18T05:44:48","modified_gmt":"2025-12-18T05:44:48","slug":"giorgia-meloni-din-nou-virala-reactia-care-a-starnit-zambete-la-intalnirea-cu-presedintele-mozambicului-a-ramas-uimita-de-inaltimea-acestuia","status":"publish","type":"post","link":"https:\/\/247stiri.ro\/index.php\/2025\/12\/18\/giorgia-meloni-din-nou-virala-reactia-care-a-starnit-zambete-la-intalnirea-cu-presedintele-mozambicului-a-ramas-uimita-de-inaltimea-acestuia\/","title":{"rendered":"Giorgia Meloni, din nou viral\u0103: reac\u021bia care a st\u00e2rnit z\u00e2mbete la \u00eent\u00e2lnirea cu pre\u0219edintele Mozambicului. A r\u0103mas uimit\u0103 de \u00een\u0103l\u021bimea acestuia"},"content":{"rendered":"<p>Cunoscut\u0103 pentru expresivitatea sa \u0219i pentru lipsa rigidit\u0103\u021bii protocolare, lidera de la Roma reu\u0219e\u0219te frecvent s\u0103 creeze momente memorabile chiar \u0219i \u00een cadrul \u00eent\u00e2lnirilor oficiale de rang \u00eenalt.<\/p>\n<p>Reac\u021bia viral\u0103 a Giorgiei Meloni<\/p>\n<p>De-a lungul timpului, <a href=\"https:\/\/www.realitatea.net\/stiri\/actual\/george-simion-intalnire-oficiala-cu-premierul-italiei-georgia-meloni-la-roma-cei-doi-sau-pozat-impreuna_694055a6f281452f7501a4e2\" target=\"_blank\">Meloni a fost surprins\u0103<\/a> \u00een mai multe episoade devenite virale, cel mai cunoscut fiind momentul de la Summitul G7 din luna iunie, c\u00e2nd a fost filmat\u0103 \u00een timp ce \u00ee\u0219i d\u0103dea ochii peste cap \u00een timpul unei discu\u021bii cu pre\u0219edintele francez Emmanuel Macron. Imaginile au circulat intens pe re\u021belele sociale \u0219i au fost preluate pe scar\u0103 larg\u0103 de presa interna\u021bional\u0103.<\/p>\n<p>Situa\u021biile amuzante par s\u0103 o urm\u0103reasc\u0103, mai ales atunci c\u00e2nd diferen\u021bele de statur\u0103 ies \u00een eviden\u021b\u0103. La \u00eent\u00e2lnirile recente cu premierul Albaniei, Edi Rama, fost juc\u0103tor de baschet, acesta a surprins prin gestul de a \u00eengenunchea \u00een fa\u021ba ei. Meloni a comentat relaxat \u0219i cu umor momentul, spun\u00e2nd c\u0103 Rama \u201eface asta doar ca s\u0103 ajung\u0103 la aceea\u0219i \u00een\u0103l\u021bime\u201d, aluzie la diferen\u021ba evident\u0103 dintre cei doi.<\/p>\n<p>Un episod similar a avut loc \u00een urm\u0103 cu c\u00e2teva zile, cu prilejul vizitei oficiale a pre\u0219edintelui Mozambicului, Daniel Francisco Chapo, cunoscut pentru statura sa impun\u0103toare. \u00cen momentul salutului oficial, <a href=\"https:\/\/www.realitatea.net\/stiri\/actual\/giorgia-meloni-insista-centrele-de-deportare-a-migrantilor-construite-in-albania-vor-deveni-operationale_693f100701bd903c333c6a92\" target=\"_blank\">Giorgia Meloni<\/a> nu \u0219i-a putut ascunde amuzamentul, reac\u021bia sa fiind surprins\u0103 de camerele de filmat. Diferen\u021ba de \u00een\u0103l\u021bime dintre cei doi a devenit rapid subiect de glume \u00een mediul online.<\/p>\n<p>Pe re\u021belele sociale, internau\u021bii au ironizat situa\u021bia, coment\u00e2nd c\u0103 jurnali\u0219tii \u0219i fotografii prezen\u021bi la eveniment ar fi avut dificult\u0103\u021bi \u00een a surprinde cadre echilibrate din cauza contrastului vizibil dintre cei doi lideri. Episodul a fost perceput ca \u00eenc\u0103 un exemplu al stilului nonconformist al premierului italian, care reu\u0219e\u0219te s\u0103 aduc\u0103 o not\u0103 de naturale\u021be \u0219i umor chiar \u0219i \u00een cele mai formale contexte diplomatice.<\/p>\n<p>When Mozambican President Daniel Francisco Chapo met Italian Prime Minister Giorgia Meloni in Rome, journalists, especially photographers, struggled to frame their shots because of the significant height difference.\ud83e\udd23\ud83e\udd23\ud83e\udd23 <a href=\"https:\/\/t.co\/zCd4sWRl6I\">pic.twitter.com\/zCd4sWRl6I<\/a><\/p>\n<p>\u2014 Hopewell Chin\u2019ono (@daddyhope) <a href=\"https:\/\/twitter.com\/daddyhope\/status\/2000687453150044409?ref_src=twsrc%5Etfw\">December 15, 2025<\/a><\/p>\n<p>\u00a0\u00a0<\/p>","protected":false},"excerpt":{"rendered":"<p>Cunoscut\u0103 pentru expresivitatea sa \u0219i pentru lipsa rigidit\u0103\u021bii protocolare, lidera de la Roma reu\u0219e\u0219te frecvent&hellip;<\/p>\n","protected":false},"author":0,"featured_media":52494,"comment_status":"open","ping_status":"open","sticky":false,"template":"","format":"standard","meta":{"footnotes":""},"categories":[3],"tags":[],"class_list":["post-52493","post","type-post","status-publish","format-standard","has-post-thumbnail","hentry","category-politica"],"_links":{"self":[{"href":"https:\/\/247stiri.ro\/index.php\/wp-json\/wp\/v2\/posts\/52493","targetHints":{"allow":["GET"]}}],"collection":[{"href":"https:\/\/247stiri.ro\/index.php\/wp-json\/wp\/v2\/posts"}],"about":[{"href":"https:\/\/247stiri.ro\/index.php\/wp-json\/wp\/v2\/types\/post"}],"replies":[{"embeddable":true,"href":"https:\/\/247stiri.ro\/index.php\/wp-json\/wp\/v2\/comments?post=52493"}],"version-history":[{"count":0,"href":"https:\/\/247stiri.ro\/index.php\/wp-json\/wp\/v2\/posts\/52493\/revisions"}],"wp:featuredmedia":[{"embeddable":true,"href":"https:\/\/247stiri.ro\/index.php\/wp-json\/wp\/v2\/media\/52494"}],"wp:attachment":[{"href":"https:\/\/247stiri.ro\/index.php\/wp-json\/wp\/v2\/media?parent=52493"}],"wp:term":[{"taxonomy":"category","embeddable":true,"href":"https:\/\/247stiri.ro\/index.php\/wp-json\/wp\/v2\/categories?post=52493"},{"taxonomy":"post_tag","embeddable":true,"href":"https:\/\/247stiri.ro\/index.php\/wp-json\/wp\/v2\/tags?post=52493"}],"curies":[{"name":"wp","href":"https:\/\/api.w.org\/{rel}","templated":true}]}}