{"id":52495,"date":"2025-12-18T05:44:49","date_gmt":"2025-12-18T05:44:49","guid":{"rendered":"https:\/\/247stiri.ro\/index.php\/2025\/12\/18\/control-judiciar-prelungit-pentru-calin-georgescu-avocatii-vorbesc-despre-hartuire-este-a-cincea-oara\/"},"modified":"2025-12-18T05:44:49","modified_gmt":"2025-12-18T05:44:49","slug":"control-judiciar-prelungit-pentru-calin-georgescu-avocatii-vorbesc-despre-hartuire-este-a-cincea-oara","status":"publish","type":"post","link":"https:\/\/247stiri.ro\/index.php\/2025\/12\/18\/control-judiciar-prelungit-pentru-calin-georgescu-avocatii-vorbesc-despre-hartuire-este-a-cincea-oara\/","title":{"rendered":"Control judiciar prelungit pentru C\u0103lin Georgescu: avoca\u021bii vorbesc despre h\u0103r\u021buire: &#8222;Este a cincea oar\u0103&#8221;"},"content":{"rendered":"<p>O decizie extrem de important\u0103 a magistra\u021bilor de la Tribunalul Bucure\u0219ti \u00een cazul liderului suveranist C\u0103lin Georgescu, o decizie definitiv\u0103 \u0219i irevocabil\u0103, f\u0103r\u0103 o alt\u0103 cale de atac.<\/p>\n<p>\u00cen exclusivitate, avem inclusiv pledoaria liderului suveranist C\u0103lin Georgescu din fa\u021ba completului de judecat\u0103 din cadrul procesului.<\/p>\n<p>\u201eDoamn\u0103 pre\u0219edinte, fiind unul dintre cet\u0103\u021benii acestei \u021b\u0103ri care se confrunt\u0103 cu un abuz evident, am o singur\u0103 ap\u0103rare \u0219i aceea este legea. Am \u00eencredere \u00een justi\u021bie p\u00e2n\u0103 la cap\u0103t\u201d, a mai declarat C\u0103lin Georgescu.<\/p>\n<p>\u00centre timp, avem \u0219i argumentele avoca\u021bilor expuse \u00een fa\u021ba completului din sala de judecat\u0103 \u00een cadrul acestui termen extrem de important de contestare a deciziei magistra\u021bilor de la Judec\u0103toria Sectorului 1 pentru prelungirea m\u0103surii preventive de control judiciar. Aten\u021bie, m\u0103sur\u0103 care a fost dispus\u0103 \u00eenc\u0103 de la \u00eenceputul acestui an \u00een primul dosar penal trimis \u00een judecat\u0103.<\/p>\n<p>Iar avoca\u021bii lui C\u0103lin Georgescu spun c\u0103 este a cincea oar\u0103 c\u00e2nd se cere aceast\u0103 prelungire de control judiciar. \u201eObserv c\u0103 judec\u0103torul de la Judec\u0103toria Sectorului 1 men\u021bioneaz\u0103 c\u0103 persoana \u00een cauz\u0103 reprezint\u0103 un pericol social. Trei martori au fost audia\u021bi de c\u0103tre procurori, care nu confirm\u0103 ceea ce spun \u0219i acuza\u021biile care sunt expuse de c\u0103tre anchetatori\u201d, a declarat avocatul lui C\u0103lin Georgescu.<\/p>\n<p>Urmeaz\u0103, de altfel, \u0219i alte termene extrem de importante \u00een perioada imediat urm\u0103toare, at\u00e2t \u00een instan\u021b\u0103, c\u00e2t \u0219i \u00een alte dosare pe care le are pe rol C\u0103lin Georgescu.<\/p>","protected":false},"excerpt":{"rendered":"<p>O decizie extrem de important\u0103 a magistra\u021bilor de la Tribunalul Bucure\u0219ti \u00een cazul liderului suveranist&hellip;<\/p>\n","protected":false},"author":0,"featured_media":52492,"comment_status":"open","ping_status":"open","sticky":false,"template":"","format":"standard","meta":{"footnotes":""},"categories":[2],"tags":[],"class_list":["post-52495","post","type-post","status-publish","format-standard","has-post-thumbnail","hentry","category-actual"],"_links":{"self":[{"href":"https:\/\/247stiri.ro\/index.php\/wp-json\/wp\/v2\/posts\/52495","targetHints":{"allow":["GET"]}}],"collection":[{"href":"https:\/\/247stiri.ro\/index.php\/wp-json\/wp\/v2\/posts"}],"about":[{"href":"https:\/\/247stiri.ro\/index.php\/wp-json\/wp\/v2\/types\/post"}],"replies":[{"embeddable":true,"href":"https:\/\/247stiri.ro\/index.php\/wp-json\/wp\/v2\/comments?post=52495"}],"version-history":[{"count":0,"href":"https:\/\/247stiri.ro\/index.php\/wp-json\/wp\/v2\/posts\/52495\/revisions"}],"wp:featuredmedia":[{"embeddable":true,"href":"https:\/\/247stiri.ro\/index.php\/wp-json\/wp\/v2\/media\/52492"}],"wp:attachment":[{"href":"https:\/\/247stiri.ro\/index.php\/wp-json\/wp\/v2\/media?parent=52495"}],"wp:term":[{"taxonomy":"category","embeddable":true,"href":"https:\/\/247stiri.ro\/index.php\/wp-json\/wp\/v2\/categories?post=52495"},{"taxonomy":"post_tag","embeddable":true,"href":"https:\/\/247stiri.ro\/index.php\/wp-json\/wp\/v2\/tags?post=52495"}],"curies":[{"name":"wp","href":"https:\/\/api.w.org\/{rel}","templated":true}]}}