{"id":52508,"date":"2025-12-18T06:45:36","date_gmt":"2025-12-18T06:45:36","guid":{"rendered":"https:\/\/247stiri.ro\/index.php\/2025\/12\/18\/dovada-ca-nicusor-dan-se-implica-in-justitie-ce-vrea-sa-schimbe\/"},"modified":"2025-12-18T06:45:36","modified_gmt":"2025-12-18T06:45:36","slug":"dovada-ca-nicusor-dan-se-implica-in-justitie-ce-vrea-sa-schimbe","status":"publish","type":"post","link":"https:\/\/247stiri.ro\/index.php\/2025\/12\/18\/dovada-ca-nicusor-dan-se-implica-in-justitie-ce-vrea-sa-schimbe\/","title":{"rendered":"Dovada c\u0103 Nicu\u0219or Dan se implic\u0103 \u00een Justi\u021bie: ce vrea s\u0103 schimbe"},"content":{"rendered":"<p>&#8222;Se vor \u00eent\u00e2mpla lucruri serioase \u00een Justi\u021bie, fi\u021bi siguri. Dar v\u0103 sf\u0103tuiesc s\u0103 v\u0103 modera\u021bi a\u0219tept\u0103rile pentru c\u0103 o s\u0103 dureze.<\/p>\n<p>C\u0103 s-au organizat cu trei luni \u00eenainte, trei luni dup\u0103, \u00eentr-adev\u0103r a fost o ilegalitate. Dar \u00eentrebarea e de ce nu a avut doamna Savonea contracandidat? Pentru c\u0103 peste 3 luni s-ar fi \u00eent\u00e2mplat acela\u0219i lucru.Pre\u015fedin\u0163ii de instan\u0163\u0103 au mult\u0103 putere, mult prea mult\u0103 \u015fi asta e chestiune legislativ\u0103. Sunt de acord cu faptul c\u0103 concursurile nu sunt &#8230;. din cauza c\u0103 sunt bazate numai pe ni\u015fte lucr\u0103ri \u015fi pe un interviu care este, evident, subiectiv, nu totdeauna oamenii sau se \u00eent\u00e2mpl\u0103 ca oameni buni s\u0103 nu promoveze, ba chiar unii nici nu mai concureaz\u0103 \u0219tiind c\u0103 nu o s\u0103 promoveze&#8221;, a declarat Nicu\u0219or Dan.\u00a0<\/p>","protected":false},"excerpt":{"rendered":"<p>&#8222;Se vor \u00eent\u00e2mpla lucruri serioase \u00een Justi\u021bie, fi\u021bi siguri. Dar v\u0103 sf\u0103tuiesc s\u0103 v\u0103 modera\u021bi&hellip;<\/p>\n","protected":false},"author":0,"featured_media":52509,"comment_status":"open","ping_status":"open","sticky":false,"template":"","format":"standard","meta":{"footnotes":""},"categories":[3],"tags":[],"class_list":["post-52508","post","type-post","status-publish","format-standard","has-post-thumbnail","hentry","category-politica"],"_links":{"self":[{"href":"https:\/\/247stiri.ro\/index.php\/wp-json\/wp\/v2\/posts\/52508","targetHints":{"allow":["GET"]}}],"collection":[{"href":"https:\/\/247stiri.ro\/index.php\/wp-json\/wp\/v2\/posts"}],"about":[{"href":"https:\/\/247stiri.ro\/index.php\/wp-json\/wp\/v2\/types\/post"}],"replies":[{"embeddable":true,"href":"https:\/\/247stiri.ro\/index.php\/wp-json\/wp\/v2\/comments?post=52508"}],"version-history":[{"count":0,"href":"https:\/\/247stiri.ro\/index.php\/wp-json\/wp\/v2\/posts\/52508\/revisions"}],"wp:featuredmedia":[{"embeddable":true,"href":"https:\/\/247stiri.ro\/index.php\/wp-json\/wp\/v2\/media\/52509"}],"wp:attachment":[{"href":"https:\/\/247stiri.ro\/index.php\/wp-json\/wp\/v2\/media?parent=52508"}],"wp:term":[{"taxonomy":"category","embeddable":true,"href":"https:\/\/247stiri.ro\/index.php\/wp-json\/wp\/v2\/categories?post=52508"},{"taxonomy":"post_tag","embeddable":true,"href":"https:\/\/247stiri.ro\/index.php\/wp-json\/wp\/v2\/tags?post=52508"}],"curies":[{"name":"wp","href":"https:\/\/api.w.org\/{rel}","templated":true}]}}