{"id":52511,"date":"2025-12-18T06:45:38","date_gmt":"2025-12-18T06:45:38","guid":{"rendered":"https:\/\/247stiri.ro\/index.php\/2025\/12\/18\/aur-apara-drepturile-persoanelor-cu-dizabilitati-eliminate-de-guvernul-bolojan\/"},"modified":"2025-12-18T06:45:38","modified_gmt":"2025-12-18T06:45:38","slug":"aur-apara-drepturile-persoanelor-cu-dizabilitati-eliminate-de-guvernul-bolojan","status":"publish","type":"post","link":"https:\/\/247stiri.ro\/index.php\/2025\/12\/18\/aur-apara-drepturile-persoanelor-cu-dizabilitati-eliminate-de-guvernul-bolojan\/","title":{"rendered":"AUR ap\u0103r\u0103 drepturile persoanelor cu dizabilit\u0103\u021bi eliminate de Guvernul Bolojan"},"content":{"rendered":"<p>Pre\u0219edintele AUR George Simion a criticat \u00een cadrul dezbaterii inten\u021bia actualei coali\u021bii de guvernare care vrea eliminarea facilit\u0103\u021bilor fiscale pentru persoanele cu dizabilit\u0103\u021bi:<\/p>\n<p>\u201eVreau s\u0103 cer colegilor mei s\u0103 se implice \u00een aceast\u0103 problem\u0103 mult mai hot\u0103r\u00e2t. (\u2026) Pentru cei care nu \u0219tiu, persoanele cu dizabilit\u0103\u021bi se bucurau de anumite facilit\u0103\u021bi la impozitul pe terenuri, impozite pe ma\u0219ini \u0219i s-a g\u0103sit marea evaziune fiscal\u0103 \u0219i s-a g\u0103sit cum s\u0103 fac\u0103 economii la buget. Le-au luat aceste facilit\u0103\u021bi. Asta pe l\u00e2ng\u0103 o indemniza\u021bie pentru handicap gradul unu care nu dep\u0103\u0219e\u0219te 600 de lei\u201d, a declarat George Simion.<\/p>\n<p>Pre\u0219edintele AUR a sus\u021binut c\u0103 aproape un milion de persoane cu dizabilit\u0103\u021bi se confrunt\u0103 zilnic cu piedici sistematice din cauza statului rom\u00e2n: \u201ePersoanele cu dizabilit\u0103\u021bi, circa un milion \u00een Rom\u00e2nia, nu se simt protejate \u0219i respectate de c\u0103tre statul rom\u00e2n \u0219i cu to\u021bii trebuie s\u0103 facem mult mai mult pentru lucrul \u0103sta\u201d, a afirmat acesta.<\/p>\n<p>George Simion a transmis un mesaj de \u00eencurajare persoanelor cu dizabilit\u0103\u021bi care sunt o parte integrant\u0103 a Rom\u00e2niei de ast\u0103zi \u0219i merit\u0103 respectul tuturor celorlal\u021bi cet\u0103\u021beni ai \u021b\u0103rii pentru puterea \u0219i curajul de care dau dovad\u0103.<\/p>\n<p>\u201eS\u0103 \u0219ti\u021bi de la noi c\u0103 \u0219i voi, fiecare dintre voi, sunte\u021bi parte integrant\u0103 din Rom\u00e2nia, sunte\u021bi o bucurie pentru familiile voastre \u0219i pentru noi, ceilal\u021bi rom\u00e2ni, \u0219i \u00eempreun\u0103 nel\u0103s\u00e2nd pe nimeni \u00een urm\u0103, o s\u0103 facem Rom\u00e2nia mare, a\u0219a cum trebuie, respect\u00e2nd fiecare cet\u0103\u021bean. V\u0103 mul\u021bumesc c\u0103 sunte\u021bi aici \u0219i v\u0103 mul\u021bumesc c\u0103 sunte\u021bi cet\u0103\u021benii Rom\u00e2niei, cu drepturi egale\u201d, a conchis George Simion.<\/p>\n<p>Deputatul AUR Dumitrina Mitrea, membru \u00een comisia parlamentar\u0103 pentru munc\u0103 \u0219i protec\u021bie social\u0103, a declarat c\u0103 \u00een calitatea de deputat a depus eforturi pentru ca autorit\u0103\u021bile locale s\u0103 respecte drepturile persoanelor cu nevoi speciale. \u201eAm obligat autorit\u0103\u021bile locale s\u0103 v\u0103 respecte legile, pentru c\u0103 un consilier, un asistent social care face parte din fiecare prim\u0103rie nu trece dincolo de fi\u0219a postului s\u0103 vin\u0103 \u0219i s\u0103 vorbeasc\u0103 direct cu oamenii implica\u021bi, cu oamenii care sunt vulnerabili.<\/p>\n<p>Nu vin s\u0103 discute cu dumneavoastr\u0103 \u0219i partea proast\u0103 este c\u0103 de multe ori foarte multe dosare sunt instrumentate dintr-un simplu birou, f\u0103r\u0103 s\u0103 vad\u0103 \u00een fa\u021b\u0103 persoana care sufer\u0103 \u0219i s\u0103 o evalueze incorect, de multe ori\u201d, a spus Dumitrina Mitrea.<\/p>\n<p>Deputatul a ad\u0103ugat c\u0103 dialogul cu exper\u021bii din domeniu \u0219i cu persoanele implicate direct reprezint\u0103 o oportunitate pentru factorul politic s\u0103 propun\u0103 proiecte de lege pentru \u00eembun\u0103t\u0103\u021birea cadrului legislativ.<\/p>\n<p>La r\u00e2ndul s\u0103u, deputatul AUR Ciprian Paraschiv a subliniat c\u0103 persoanele cu dizabilit\u0103\u021bi au dovedit c\u0103 sunt capabile s\u0103 ob\u021bin\u0103 performan\u021be sportive remarcabile, dep\u0103\u0219ind obstacolele puse \u00een cale.<\/p>\n<p>\u201eDac\u0103 vorbim de lumea sportului pentru persoanele cu dizabilit\u0103\u021bi, noi avem practic dou\u0103 arealuri. Avem Special Olympics care se ocup\u0103 de persoanele cu dizabilit\u0103\u021bi intelectuale \u0219i avem Comitetul Na\u021bional Paralimpic, care se ocupe de persoanele cu dizabilit\u0103\u021bi. Cei mai buni prieteni, culmea, de-a lungul vie\u021bii, \u00eei am \u00een aceast\u0103 lume.<\/p>\n<p>Ce am apreciat eu la lumea asta a sportului paralimpic este polivalen\u021ba, pentru c\u0103 \u00een special o s\u0103 vede\u021bi cum un sportiv paralimpic este medaliat la mai multe ramuri\u201d, a declarat deputatul Ciprian Paraschiv.<\/p>","protected":false},"excerpt":{"rendered":"<p>Pre\u0219edintele AUR George Simion a criticat \u00een cadrul dezbaterii inten\u021bia actualei coali\u021bii de guvernare care&hellip;<\/p>\n","protected":false},"author":0,"featured_media":52503,"comment_status":"open","ping_status":"open","sticky":false,"template":"","format":"standard","meta":{"footnotes":""},"categories":[2],"tags":[],"class_list":["post-52511","post","type-post","status-publish","format-standard","has-post-thumbnail","hentry","category-actual"],"_links":{"self":[{"href":"https:\/\/247stiri.ro\/index.php\/wp-json\/wp\/v2\/posts\/52511","targetHints":{"allow":["GET"]}}],"collection":[{"href":"https:\/\/247stiri.ro\/index.php\/wp-json\/wp\/v2\/posts"}],"about":[{"href":"https:\/\/247stiri.ro\/index.php\/wp-json\/wp\/v2\/types\/post"}],"replies":[{"embeddable":true,"href":"https:\/\/247stiri.ro\/index.php\/wp-json\/wp\/v2\/comments?post=52511"}],"version-history":[{"count":0,"href":"https:\/\/247stiri.ro\/index.php\/wp-json\/wp\/v2\/posts\/52511\/revisions"}],"wp:featuredmedia":[{"embeddable":true,"href":"https:\/\/247stiri.ro\/index.php\/wp-json\/wp\/v2\/media\/52503"}],"wp:attachment":[{"href":"https:\/\/247stiri.ro\/index.php\/wp-json\/wp\/v2\/media?parent=52511"}],"wp:term":[{"taxonomy":"category","embeddable":true,"href":"https:\/\/247stiri.ro\/index.php\/wp-json\/wp\/v2\/categories?post=52511"},{"taxonomy":"post_tag","embeddable":true,"href":"https:\/\/247stiri.ro\/index.php\/wp-json\/wp\/v2\/tags?post=52511"}],"curies":[{"name":"wp","href":"https:\/\/api.w.org\/{rel}","templated":true}]}}