{"id":52515,"date":"2025-12-18T06:45:40","date_gmt":"2025-12-18T06:45:40","guid":{"rendered":"https:\/\/247stiri.ro\/index.php\/2025\/12\/18\/nicusor-dan-am-primit-10-12-solicitari-de-la-magistrati-pentru-discutiile-pe-justitie\/"},"modified":"2025-12-18T06:45:40","modified_gmt":"2025-12-18T06:45:40","slug":"nicusor-dan-am-primit-10-12-solicitari-de-la-magistrati-pentru-discutiile-pe-justitie","status":"publish","type":"post","link":"https:\/\/247stiri.ro\/index.php\/2025\/12\/18\/nicusor-dan-am-primit-10-12-solicitari-de-la-magistrati-pentru-discutiile-pe-justitie\/","title":{"rendered":"Nicu\u0219or Dan: Am primit 10\u201312 solicit\u0103ri de la magistra\u021bi pentru discu\u021biile pe Justi\u021bie"},"content":{"rendered":"<p>Reporter: A\u0219 vrea s\u0103 v\u0103 \u00eentreb: a\u021bi lansat pentru ziua de luni, 22 decembrie, o \u00eent\u00e2lnire cu magistra\u021bii. Chiar a\u021bi spus mai devreme c\u0103, c\u00e2nd 1.000 de magistra\u021bi din 7.000 spun c\u0103 e o problem\u0103, a\u021bi lansat aceast\u0103 consultare&#8230; C\u00e2\u021bi magistra\u021bi v-au scris \u00een acest moment \u0219i dac\u0103 \u00een e-mailurile pe care le-a\u021bi primit au existat \u0219i represalii dup\u0103 dezv\u0103luirile f\u0103cute de colegii de la &#8222;Recorder&#8221;?<\/p>\n<p>Nicu\u0219or Dan: S\u0103 fi fost \u00een jur de 10-12 solicit\u0103ri pentru participarea la aceast\u0103 dezbatere \u0219i vreo 50 de materiale&#8230; 50 de oameni care trimiseser\u0103 mai multe materiale cu privire la situa\u021bia din Justi\u021bie.<\/p>\n<p>Nicu\u0219or Dan: M-a\u021bi mai \u00eentrebat ceva?<\/p>\n<p>Reporter: Nu, a\u0219 vrea s\u0103 v\u0103 mai \u00eentreb dac\u0103 ve\u021bi merge la \u0219edin\u021bele CSM \u00een viitorul apropiat.<\/p>\n<p>Nicu\u0219or Dan: \u00cen momentul \u00een care voi avea un raport complet pe situa\u021bia din Justi\u021bie, da. \u0218i eu aveam \u00een capul meu un calendar, \u00een fine, cu colegii, un calendar despre c\u00e2nd se va \u00eent\u00e2mpla asta. Probabil c\u0103 dezbaterea public\u0103 \u00een curs m\u0103 va face s\u0103 ajung mai repede dec\u00e2t \u00eemi planificasem eu.<\/p>","protected":false},"excerpt":{"rendered":"<p>Reporter: A\u0219 vrea s\u0103 v\u0103 \u00eentreb: a\u021bi lansat pentru ziua de luni, 22 decembrie, o&hellip;<\/p>\n","protected":false},"author":0,"featured_media":52507,"comment_status":"open","ping_status":"open","sticky":false,"template":"","format":"standard","meta":{"footnotes":""},"categories":[2],"tags":[],"class_list":["post-52515","post","type-post","status-publish","format-standard","has-post-thumbnail","hentry","category-actual"],"_links":{"self":[{"href":"https:\/\/247stiri.ro\/index.php\/wp-json\/wp\/v2\/posts\/52515","targetHints":{"allow":["GET"]}}],"collection":[{"href":"https:\/\/247stiri.ro\/index.php\/wp-json\/wp\/v2\/posts"}],"about":[{"href":"https:\/\/247stiri.ro\/index.php\/wp-json\/wp\/v2\/types\/post"}],"replies":[{"embeddable":true,"href":"https:\/\/247stiri.ro\/index.php\/wp-json\/wp\/v2\/comments?post=52515"}],"version-history":[{"count":0,"href":"https:\/\/247stiri.ro\/index.php\/wp-json\/wp\/v2\/posts\/52515\/revisions"}],"wp:featuredmedia":[{"embeddable":true,"href":"https:\/\/247stiri.ro\/index.php\/wp-json\/wp\/v2\/media\/52507"}],"wp:attachment":[{"href":"https:\/\/247stiri.ro\/index.php\/wp-json\/wp\/v2\/media?parent=52515"}],"wp:term":[{"taxonomy":"category","embeddable":true,"href":"https:\/\/247stiri.ro\/index.php\/wp-json\/wp\/v2\/categories?post=52515"},{"taxonomy":"post_tag","embeddable":true,"href":"https:\/\/247stiri.ro\/index.php\/wp-json\/wp\/v2\/tags?post=52515"}],"curies":[{"name":"wp","href":"https:\/\/api.w.org\/{rel}","templated":true}]}}