{"id":52527,"date":"2025-12-18T07:45:57","date_gmt":"2025-12-18T07:45:57","guid":{"rendered":"https:\/\/247stiri.ro\/index.php\/2025\/12\/18\/spitalul-judetean-sibiu-fara-conducere-managerul-in-concediu-medical-dupa-ce-a-suferit-un-avc-la-doar-36-de-ani\/"},"modified":"2025-12-18T07:45:57","modified_gmt":"2025-12-18T07:45:57","slug":"spitalul-judetean-sibiu-fara-conducere-managerul-in-concediu-medical-dupa-ce-a-suferit-un-avc-la-doar-36-de-ani","status":"publish","type":"post","link":"https:\/\/247stiri.ro\/index.php\/2025\/12\/18\/spitalul-judetean-sibiu-fara-conducere-managerul-in-concediu-medical-dupa-ce-a-suferit-un-avc-la-doar-36-de-ani\/","title":{"rendered":"Spitalul Jude\u021bean Sibiu, f\u0103r\u0103 conducere. Managerul, \u00een concediu medical, dup\u0103 ce a suferit un AVC, la doar 36 de ani"},"content":{"rendered":"<p>Managerul interimar al Spitalului Clinic Jude\u021bean de Urgen\u021b\u0103 Sibiu, Robert Fotache, se afl\u0103 \u00een prezent \u00een concediu medical dup\u0103 ce a suferit un accident vascular cerebral la \u00eenceputul acestei s\u0103pt\u0103m\u00e2ni. \u00cen v\u00e2rst\u0103 de 36 de ani, acesta ocupa func\u021bia din aprilie 2025, fiind numit de administra\u021bia jude\u021bean\u0103 p\u00e2n\u0103 la organizarea unui nou concurs.<\/p>\n<p>Dr. C\u0103lin Remus Cip\u0103ian, directorul medical al unit\u0103\u021bii, a confirmat absen\u021ba acestuia \u0219i a precizat c\u0103, pe durata indisponibilit\u0103\u021bii, atribu\u021biile manageriale au fost preluate de directorul de \u00eengrijiri, Lauren\u021biu Ghinoiu. Robert Fotache are o experien\u021b\u0103 \u00eendelungat\u0103 \u00een administra\u021bia spitalului, fiind numit director administrativ \u00eenc\u0103 din anul 2016, la v\u00e2rsta de 27 de ani.<\/p>\n<p>Accidentul vascular cerebral (AVC) reprezint\u0103 o urgen\u021b\u0103 medical\u0103 critic\u0103, declan\u0219at\u0103 de \u00eentreruperea aliment\u0103rii cu s\u00e2nge a creierului, ceea ce duce la privarea celulelor de oxigen \u0219i nutrien\u021bi. Deoarece celulele cerebrale \u00eencep s\u0103 moar\u0103 \u00een c\u00e2teva minute, tratamentul imediat este esen\u021bial pentru a limita leziunile \u0219i a preveni complica\u021biile severe.<\/p>","protected":false},"excerpt":{"rendered":"<p>Managerul interimar al Spitalului Clinic Jude\u021bean de Urgen\u021b\u0103 Sibiu, Robert Fotache, se afl\u0103 \u00een prezent&hellip;<\/p>\n","protected":false},"author":0,"featured_media":52528,"comment_status":"open","ping_status":"open","sticky":false,"template":"","format":"standard","meta":{"footnotes":""},"categories":[2],"tags":[],"class_list":["post-52527","post","type-post","status-publish","format-standard","has-post-thumbnail","hentry","category-actual"],"_links":{"self":[{"href":"https:\/\/247stiri.ro\/index.php\/wp-json\/wp\/v2\/posts\/52527","targetHints":{"allow":["GET"]}}],"collection":[{"href":"https:\/\/247stiri.ro\/index.php\/wp-json\/wp\/v2\/posts"}],"about":[{"href":"https:\/\/247stiri.ro\/index.php\/wp-json\/wp\/v2\/types\/post"}],"replies":[{"embeddable":true,"href":"https:\/\/247stiri.ro\/index.php\/wp-json\/wp\/v2\/comments?post=52527"}],"version-history":[{"count":0,"href":"https:\/\/247stiri.ro\/index.php\/wp-json\/wp\/v2\/posts\/52527\/revisions"}],"wp:featuredmedia":[{"embeddable":true,"href":"https:\/\/247stiri.ro\/index.php\/wp-json\/wp\/v2\/media\/52528"}],"wp:attachment":[{"href":"https:\/\/247stiri.ro\/index.php\/wp-json\/wp\/v2\/media?parent=52527"}],"wp:term":[{"taxonomy":"category","embeddable":true,"href":"https:\/\/247stiri.ro\/index.php\/wp-json\/wp\/v2\/categories?post=52527"},{"taxonomy":"post_tag","embeddable":true,"href":"https:\/\/247stiri.ro\/index.php\/wp-json\/wp\/v2\/tags?post=52527"}],"curies":[{"name":"wp","href":"https:\/\/api.w.org\/{rel}","templated":true}]}}