{"id":52529,"date":"2025-12-18T07:45:58","date_gmt":"2025-12-18T07:45:58","guid":{"rendered":"https:\/\/247stiri.ro\/index.php\/2025\/12\/18\/accident-grav-in-judetul-neamt-un-autobuz-in-care-se-aflau-sase-persoane-a-lovit-un-stalp-de-electricitate-si-gardul-unei-gospodarii\/"},"modified":"2025-12-18T07:45:58","modified_gmt":"2025-12-18T07:45:58","slug":"accident-grav-in-judetul-neamt-un-autobuz-in-care-se-aflau-sase-persoane-a-lovit-un-stalp-de-electricitate-si-gardul-unei-gospodarii","status":"publish","type":"post","link":"https:\/\/247stiri.ro\/index.php\/2025\/12\/18\/accident-grav-in-judetul-neamt-un-autobuz-in-care-se-aflau-sase-persoane-a-lovit-un-stalp-de-electricitate-si-gardul-unei-gospodarii\/","title":{"rendered":"Accident grav \u00een jude\u021bul Neam\u021b. Un autobuz \u00een care se aflau \u015fase persoane a lovit un st\u00e2lp de electricitate \u015fi gardul unei gospod\u0103rii"},"content":{"rendered":"<p>Inspectoratul pentru Situa\u0163ii de Urgen\u0163\u0103 Neam\u0163 transmite c\u0103 joi, \u00een jurul orei 6:50, pompierii au fost anun\u0163a\u0163i prin apel 112 cu privire la faptul c\u0103 a avut loc un <a href=\"https:\/\/www.realitatea.net\/stiri\/actual\/accident-rutier-in-botosani-un-autocar-cu-40-de-elevi-sa-ciocnit-cu-un-microbuz-joi-dimineata_6943a1716cecf979f20ad0c2\" target=\"_blank\">accident <\/a>rutier \u00een satul T\u00e2rpe\u015fti din comuna Petricani.\u00a0<\/p>\n<p>\u201dUn autobuz \u00een care se aflau conduc\u0103torul auto \u015fi cinci pasageri a p\u0103r\u0103sit partea carosabil\u0103 \u015fi a lovit un st\u00e2lp de electricitate \u015fi gardul unei gospod\u0103rii. La locul solicit\u0103rii au fost alocate for\u0163e \u015fi mijloace de interven\u0163ie de la SVSU Petricani, Deta\u015famentul de pompieri T\u00e2rgu-Neam\u0163 \u015fi IPJ. La sosirea pompierilor, \u00een autobuz nu se afla nicio persoan\u0103. Conduc\u0103torul auto nu a necesitat \u00eengrijiri medicale\u201d, au precizat reprezentan\u0163ii ISU Neam\u0163.<\/p>\n<p>Pompierii au ac\u0163ionat pentru asigurarea m\u0103surilor de prevenire \u015fi stingere a incendiilor.\u00a0<\/p>\n<p>Totodat\u0103, un echipaj de la operatorul economic de distribu\u0163ie a energiei electrice a fost solicitat la locul evenimentului pentru a remedierea defec\u0163iunilor cauzate de evenimentul rutier.<\/p>","protected":false},"excerpt":{"rendered":"<p>Inspectoratul pentru Situa\u0163ii de Urgen\u0163\u0103 Neam\u0163 transmite c\u0103 joi, \u00een jurul orei 6:50, pompierii au&hellip;<\/p>\n","protected":false},"author":0,"featured_media":52530,"comment_status":"open","ping_status":"open","sticky":false,"template":"","format":"standard","meta":{"footnotes":""},"categories":[2],"tags":[],"class_list":["post-52529","post","type-post","status-publish","format-standard","has-post-thumbnail","hentry","category-actual"],"_links":{"self":[{"href":"https:\/\/247stiri.ro\/index.php\/wp-json\/wp\/v2\/posts\/52529","targetHints":{"allow":["GET"]}}],"collection":[{"href":"https:\/\/247stiri.ro\/index.php\/wp-json\/wp\/v2\/posts"}],"about":[{"href":"https:\/\/247stiri.ro\/index.php\/wp-json\/wp\/v2\/types\/post"}],"replies":[{"embeddable":true,"href":"https:\/\/247stiri.ro\/index.php\/wp-json\/wp\/v2\/comments?post=52529"}],"version-history":[{"count":0,"href":"https:\/\/247stiri.ro\/index.php\/wp-json\/wp\/v2\/posts\/52529\/revisions"}],"wp:featuredmedia":[{"embeddable":true,"href":"https:\/\/247stiri.ro\/index.php\/wp-json\/wp\/v2\/media\/52530"}],"wp:attachment":[{"href":"https:\/\/247stiri.ro\/index.php\/wp-json\/wp\/v2\/media?parent=52529"}],"wp:term":[{"taxonomy":"category","embeddable":true,"href":"https:\/\/247stiri.ro\/index.php\/wp-json\/wp\/v2\/categories?post=52529"},{"taxonomy":"post_tag","embeddable":true,"href":"https:\/\/247stiri.ro\/index.php\/wp-json\/wp\/v2\/tags?post=52529"}],"curies":[{"name":"wp","href":"https:\/\/api.w.org\/{rel}","templated":true}]}}