{"id":52556,"date":"2025-12-18T08:45:46","date_gmt":"2025-12-18T08:45:46","guid":{"rendered":"https:\/\/247stiri.ro\/index.php\/2025\/12\/18\/ordinul-ue-pentru-armata-romaniei-soldatii-vor-iesi-mai-tarziu-la-pensie-in-timp-ce-pensionarii-speciali-sunt-protejati\/"},"modified":"2025-12-18T08:45:46","modified_gmt":"2025-12-18T08:45:46","slug":"ordinul-ue-pentru-armata-romaniei-soldatii-vor-iesi-mai-tarziu-la-pensie-in-timp-ce-pensionarii-speciali-sunt-protejati","status":"publish","type":"post","link":"https:\/\/247stiri.ro\/index.php\/2025\/12\/18\/ordinul-ue-pentru-armata-romaniei-soldatii-vor-iesi-mai-tarziu-la-pensie-in-timp-ce-pensionarii-speciali-sunt-protejati\/","title":{"rendered":"Ordinul UE pentru armata Rom\u00e2niei. Solda\u021bii vor ie\u0219i mai t\u00e2rziu la pensie, \u00een timp ce pensionarii speciali sunt proteja\u021bi"},"content":{"rendered":"<p>Lovitur\u0103 pentru militari, poli\u021bi\u0219ti \u0219i structurile de for\u021b\u0103. Ministrul Muncii, Florin Manole, a recunoscut public pentru prima dat\u0103 c\u0103 este de acord cu Ilie Bolojan.<\/p>\n<p>V\u00e2rsta de pensionare trebuie crescut\u0103 chiar mai repede dec\u00e2t era planificat, motivul fiind lipsa de oameni \u0219i presiunea uria\u0219\u0103 pe bugetul de pensii. Statul nu mai face fa\u021b\u0103, iar solu\u021bia pare clar\u0103: mai pu\u021bine pensii, mai mul\u021bi ani de munc\u0103.<\/p>\n<p>Conform angajamentelor din PNRR, militarii ar trebui s\u0103 ias\u0103 la pensie la 65 de ani abia \u00een 2035, dar Guvernul schimb\u0103 regulile. Un proiect de lege important este a\u0219teptat \u00een ianuarie, a\u0219adar sunt ve\u0219ti proaste legate de pensiile acestora, de\u0219i sperau s\u0103 ajung\u0103 la ni\u0219te major\u0103ri de salarii, acestea nu vor fi.<\/p>\n<p>Un proiect care prevestea cre\u0219terea acestora \u00een func\u021bie de solde este blocat \u00een Parlament, f\u0103r\u0103 \u0219anse reale s\u0103 treac\u0103 prea cur\u00e2nd. \u00cen prezent, aproape 100.000 de fo\u0219ti militari primesc pensii pl\u0103tite de Casa de Pensii a MApN, cu un cost de aproximativ 1 miliard de euro pe an.<\/p>\n<p>Concluzia este c\u0103 militarii nu se vor mai pensiona anticipat, fiind nevoi\u021bi s\u0103 r\u0103m\u00e2n\u0103 \u00een c\u00e2mpul muncii peste termenul actual. Statul str\u00e2nge cureaua, iar militarii sunt printre primii viza\u021bi.<\/p>","protected":false},"excerpt":{"rendered":"<p>Lovitur\u0103 pentru militari, poli\u021bi\u0219ti \u0219i structurile de for\u021b\u0103. Ministrul Muncii, Florin Manole, a recunoscut public&hellip;<\/p>\n","protected":false},"author":0,"featured_media":52548,"comment_status":"open","ping_status":"open","sticky":false,"template":"","format":"standard","meta":{"footnotes":""},"categories":[2],"tags":[],"class_list":["post-52556","post","type-post","status-publish","format-standard","has-post-thumbnail","hentry","category-actual"],"_links":{"self":[{"href":"https:\/\/247stiri.ro\/index.php\/wp-json\/wp\/v2\/posts\/52556","targetHints":{"allow":["GET"]}}],"collection":[{"href":"https:\/\/247stiri.ro\/index.php\/wp-json\/wp\/v2\/posts"}],"about":[{"href":"https:\/\/247stiri.ro\/index.php\/wp-json\/wp\/v2\/types\/post"}],"replies":[{"embeddable":true,"href":"https:\/\/247stiri.ro\/index.php\/wp-json\/wp\/v2\/comments?post=52556"}],"version-history":[{"count":0,"href":"https:\/\/247stiri.ro\/index.php\/wp-json\/wp\/v2\/posts\/52556\/revisions"}],"wp:featuredmedia":[{"embeddable":true,"href":"https:\/\/247stiri.ro\/index.php\/wp-json\/wp\/v2\/media\/52548"}],"wp:attachment":[{"href":"https:\/\/247stiri.ro\/index.php\/wp-json\/wp\/v2\/media?parent=52556"}],"wp:term":[{"taxonomy":"category","embeddable":true,"href":"https:\/\/247stiri.ro\/index.php\/wp-json\/wp\/v2\/categories?post=52556"},{"taxonomy":"post_tag","embeddable":true,"href":"https:\/\/247stiri.ro\/index.php\/wp-json\/wp\/v2\/tags?post=52556"}],"curies":[{"name":"wp","href":"https:\/\/api.w.org\/{rel}","templated":true}]}}