{"id":52557,"date":"2025-12-18T08:45:46","date_gmt":"2025-12-18T08:45:46","guid":{"rendered":"https:\/\/247stiri.ro\/index.php\/2025\/12\/18\/kovesi-ii-sfideaza-pe-romani-declaratii-explozive-despre-justitie-aplica-practici-comuniste\/"},"modified":"2025-12-18T08:45:46","modified_gmt":"2025-12-18T08:45:46","slug":"kovesi-ii-sfideaza-pe-romani-declaratii-explozive-despre-justitie-aplica-practici-comuniste","status":"publish","type":"post","link":"https:\/\/247stiri.ro\/index.php\/2025\/12\/18\/kovesi-ii-sfideaza-pe-romani-declaratii-explozive-despre-justitie-aplica-practici-comuniste\/","title":{"rendered":"Kovesi \u00eei sfideaz\u0103 pe rom\u00e2ni! Declara\u021bii explozive despre Justi\u021bie: &#8222;Aplic\u0103 practici comuniste&#8221;"},"content":{"rendered":"<p>\u201eAutorit\u0103\u021bile relevante din Justi\u021bie, \u00een loc s\u0103 verifice ce s-a dezv\u0103luit, s\u0103 se stabileasc\u0103 faptele &#8211; dac\u0103 s-au \u00eent\u00e2mplat a\u0219a, nu s-au \u00eent\u00e2mplat a\u0219a &#8211; s\u0103 rezolve problemele care au ap\u0103rut \u00een urma acestor dezv\u0103luiri, au \u00eenceput aplicarea unor metode vechi, le-as spune comuniste. Poate c\u0103 acum nu se mai numesc comuniste, dar este acela\u0219i lucru, pentru c\u0103 vorbim de tactici de intimidare, reducere la t\u0103cere, manipulare, dezinformare.<\/p>\n<p>Din acest punct de vedere, eu am considerat c\u0103 s-a dep\u0103\u0219it o limit\u0103, s-a trecut linia ro\u0219ie din punctul meu de vedere. Am v\u0103zut reac\u021bia judec\u0103torului Raluca Moro\u0219anu, am v\u0103zut reac\u021bia procurorilor \u0219i judec\u0103torilor care au f\u0103cut acele dezv\u0103luiri \u00een reportaj, dar \u0219i a procurorilor \u0219i judec\u0103torilor care li s-au al\u0103turat \u0219i am decis s\u0103 fiu de partea lor.<\/p>\n<p>\u0218i trebuie s\u0103 v\u0103 spun c\u0103 sunt foarte onorat\u0103 s\u0103 fiu de partea lor, pentru c\u0103 sunt curajo\u0219i, pentru c\u0103 au \u00eendr\u0103znit s\u0103 ia atitudine \u0219i aceasta este adev\u0103rata fa\u021b\u0103 a Rom\u00e2niei. \u0218i vreau s\u0103 o spun foarte clar, c\u0103 procurorii \u0219i judec\u0103torii, ca orice alt rom\u00e2n, pot conta \u00eentotdeauna pe mine atunci c\u00e2nd au curaj \u0219i iau atitudine.<\/p>\n<p>Eu nu sunt un salvator, nu pot fi privit\u0103 ca un salvator, nu m\u0103 consider un salvator, dar \u00eentotdeauna sunt de partea celor care \u00ee\u0219i fac treaba cu curaj \u0219i cu demnitate \u0219i cu corectitudine\u201d, a declarat Kovesi.\u00a0<\/p>","protected":false},"excerpt":{"rendered":"<p>\u201eAutorit\u0103\u021bile relevante din Justi\u021bie, \u00een loc s\u0103 verifice ce s-a dezv\u0103luit, s\u0103 se stabileasc\u0103 faptele&hellip;<\/p>\n","protected":false},"author":0,"featured_media":52550,"comment_status":"open","ping_status":"open","sticky":false,"template":"","format":"standard","meta":{"footnotes":""},"categories":[2],"tags":[],"class_list":["post-52557","post","type-post","status-publish","format-standard","has-post-thumbnail","hentry","category-actual"],"_links":{"self":[{"href":"https:\/\/247stiri.ro\/index.php\/wp-json\/wp\/v2\/posts\/52557","targetHints":{"allow":["GET"]}}],"collection":[{"href":"https:\/\/247stiri.ro\/index.php\/wp-json\/wp\/v2\/posts"}],"about":[{"href":"https:\/\/247stiri.ro\/index.php\/wp-json\/wp\/v2\/types\/post"}],"replies":[{"embeddable":true,"href":"https:\/\/247stiri.ro\/index.php\/wp-json\/wp\/v2\/comments?post=52557"}],"version-history":[{"count":0,"href":"https:\/\/247stiri.ro\/index.php\/wp-json\/wp\/v2\/posts\/52557\/revisions"}],"wp:featuredmedia":[{"embeddable":true,"href":"https:\/\/247stiri.ro\/index.php\/wp-json\/wp\/v2\/media\/52550"}],"wp:attachment":[{"href":"https:\/\/247stiri.ro\/index.php\/wp-json\/wp\/v2\/media?parent=52557"}],"wp:term":[{"taxonomy":"category","embeddable":true,"href":"https:\/\/247stiri.ro\/index.php\/wp-json\/wp\/v2\/categories?post=52557"},{"taxonomy":"post_tag","embeddable":true,"href":"https:\/\/247stiri.ro\/index.php\/wp-json\/wp\/v2\/tags?post=52557"}],"curies":[{"name":"wp","href":"https:\/\/api.w.org\/{rel}","templated":true}]}}