{"id":52558,"date":"2025-12-18T08:45:47","date_gmt":"2025-12-18T08:45:47","guid":{"rendered":"https:\/\/247stiri.ro\/index.php\/2025\/12\/18\/lovitura-pentru-pensionari-ministrul-muncii-vine-cu-vesti-proaste-pensiile-inghetate-si-in-2026\/"},"modified":"2025-12-18T08:45:47","modified_gmt":"2025-12-18T08:45:47","slug":"lovitura-pentru-pensionari-ministrul-muncii-vine-cu-vesti-proaste-pensiile-inghetate-si-in-2026","status":"publish","type":"post","link":"https:\/\/247stiri.ro\/index.php\/2025\/12\/18\/lovitura-pentru-pensionari-ministrul-muncii-vine-cu-vesti-proaste-pensiile-inghetate-si-in-2026\/","title":{"rendered":"Lovitur\u0103 pentru pensionari. Ministrul Muncii vine cu ve\u0219ti proaste: Pensiile, \u00eenghe\u021bate \u0219i \u00een 2026"},"content":{"rendered":"<p>Declara\u021biile ministrului Manole vin \u00een contextul discu\u021biilor din coali\u021bie despre bugetul de anul viitor, unde orice schimbare va fi analizat\u0103 abia la elaborarea acestuia. Seniorii primesc \u00een schimb sprijin financiar punctual, precum cei 800 de lei acorda\u021bi anul acesta \u00een dou\u0103 tran\u0219e, 400 de lei au fost oferi\u021bi \u00een aprilie, iar restul sumei vin luna aceasta cu pensia.\u200b<\/p>\n<p>\u201e\u00cen acest moment, guvernul Bolojan, prin pachetul 1, a \u00eenghe\u0163at aceste cre\u015fteri \u015fi cred c\u0103 orice alt\u0103 discu\u0163ie trebuie s\u0103 aib\u0103 loc abia \u00een perspectiva facerii urm\u0103torului buget, dar nu a\u015f vrea s\u0103 m\u0103 hazardez. Deocamdat\u0103, aceasta este situa\u0163ia de fapt\u201d, a declarat Florin Manole.<\/p>\n<p>Nu \u015ftiu ce se poate face pentru anul viitor, mai mult dec\u00e2t salariul minim, trebuie s\u0103 existe o discu\u0163ie \u00een coali\u0163ie \u015fi o decizie s\u0103 vedem ce putem face.\u201d, a spus Manole.<\/p>\n<p>Coali\u021bia de guvernare PSD-PNL-USR-UDMR a aprobat joi \u00een cadrul \u0219edin\u021bei reducerea cu 10% a cheltuielilor administrative centrale, f\u0103r\u0103 a afecta salariile de baz\u0103, \u0219i majorarea salariului minim brut de la 4.050 la 4.325 lei, de la 1 iulie 2026.<\/p>\n<p>\u201e\u00centr-o coali\u0163ie cu patru partide e normal ca deciziile s\u0103 fie mai greu \u015fi s\u0103 fie mai complicat, \u00eens\u0103 e foarte important pentru noi, ca partid social democrat, care milit\u0103m pentru cre\u015fterea salariului minim, ne\u00eentrerupt, de ani de zile, am f\u0103cut-o de c\u00e2te ori am fost la guvernare \u015fi m\u0103 bucur c\u0103 putem s\u0103 avem \u015fi acum acest succes.\u201d, a declarat Florin Manole.<\/p>\n<p>M\u0103surile includ \u0219i t\u0103ieri de 10% la subven\u021biile partidelor \u0219i suma forfetar\u0103 a parlamentarilor, plus reducerea IMCA la 0,5% din 2026 \u0219i eliminarea sa \u00een 2027.\u00a0<\/p>\n<p>Ajutorul, valabil acum pentru facturi emise p\u00e2n\u0103 \u00een martie, vizeaz\u0103 persoanele cu venituri mici: p\u00e2n\u0103 la 1.940 lei net lunar pentru cei singuri sau 1.784 lei\/membru familie. Sprijinul pentru pensionari continu\u0103 similar, direc\u021bionat c\u0103tre cei nevoia\u0219i.<\/p>\n<p>Florin Manole subliniaz\u0103 c\u0103 aceast\u0103 cre\u0219tere de circa 300 lei respect\u0103 Directiva European\u0103 \u0219i compenseaz\u0103 pierderea puterii de cump\u0103rare.\u200b<\/p>\n<p>\u201eDincolo de legi, documente \u015fi a\u015fa mai departe, din punct de vedere uman, e extrem de important ca cei care lucreaz\u0103 \u00een aceast\u0103 \u0163ar\u0103 s\u0103 primeasc\u0103, atunci c\u00e2nd puterea de cump\u0103rare e pus\u0103 la grea \u00eencercare, o compensare pentru aceast\u0103 perioad\u0103 \u015fi salariul minim era necesar s\u0103 creasc\u0103 pentru ca cei mai nevoia\u015fi dintre muncitori s\u0103 primeasc\u0103 totu\u015fi ni\u015fte bani \u00een plus.\u201d<\/p>\n<p>Nu am \u00eenc\u0103 informa\u0163ia dac\u0103 s-a discutat \u015fi dac\u0103 s-a decis, \u00een leg\u0103tur\u0103 cu acea sum\u0103 care este scutit\u0103 de taxe. Dar, \u00een fine, una peste alta, de\u015fi evident c\u0103 sumele sunt importante, semnalul e bun, pentru c\u0103 e nevoie \u015fi de ve\u015fti bune \u015fi de abord\u0103ri pozitive, nu doar de discurs despre t\u0103ieri, reduceri \u015fi austeritate.\u201d<\/p>\n<p>Ministrul Muncii este optimist privind prelungirea voucherului de energie de 50 lei dup\u0103 31 martie 2026, cu discu\u021bii avansate \u00een derulare.<\/p>\n<p>\u201eAvem discu\u0163ii avansate \u015fi sunt foarte optimist c\u0103 vom prelungi acea politic\u0103 public\u0103, astfel \u00eenc\u00e2t acea sum\u0103 s\u0103 fie acordat\u0103 \u015fi dincolo de martie 2026.\u201d, a declarat Manole.<\/p>","protected":false},"excerpt":{"rendered":"<p>Declara\u021biile ministrului Manole vin \u00een contextul discu\u021biilor din coali\u021bie despre bugetul de anul viitor, unde&hellip;<\/p>\n","protected":false},"author":0,"featured_media":52552,"comment_status":"open","ping_status":"open","sticky":false,"template":"","format":"standard","meta":{"footnotes":""},"categories":[2],"tags":[],"class_list":["post-52558","post","type-post","status-publish","format-standard","has-post-thumbnail","hentry","category-actual"],"_links":{"self":[{"href":"https:\/\/247stiri.ro\/index.php\/wp-json\/wp\/v2\/posts\/52558","targetHints":{"allow":["GET"]}}],"collection":[{"href":"https:\/\/247stiri.ro\/index.php\/wp-json\/wp\/v2\/posts"}],"about":[{"href":"https:\/\/247stiri.ro\/index.php\/wp-json\/wp\/v2\/types\/post"}],"replies":[{"embeddable":true,"href":"https:\/\/247stiri.ro\/index.php\/wp-json\/wp\/v2\/comments?post=52558"}],"version-history":[{"count":0,"href":"https:\/\/247stiri.ro\/index.php\/wp-json\/wp\/v2\/posts\/52558\/revisions"}],"wp:featuredmedia":[{"embeddable":true,"href":"https:\/\/247stiri.ro\/index.php\/wp-json\/wp\/v2\/media\/52552"}],"wp:attachment":[{"href":"https:\/\/247stiri.ro\/index.php\/wp-json\/wp\/v2\/media?parent=52558"}],"wp:term":[{"taxonomy":"category","embeddable":true,"href":"https:\/\/247stiri.ro\/index.php\/wp-json\/wp\/v2\/categories?post=52558"},{"taxonomy":"post_tag","embeddable":true,"href":"https:\/\/247stiri.ro\/index.php\/wp-json\/wp\/v2\/tags?post=52558"}],"curies":[{"name":"wp","href":"https:\/\/api.w.org\/{rel}","templated":true}]}}