{"id":52582,"date":"2025-12-18T09:45:24","date_gmt":"2025-12-18T09:45:24","guid":{"rendered":"https:\/\/247stiri.ro\/index.php\/2025\/12\/18\/incendiu-intr-o-locuinta-din-bistrita-nasaud-o-femeie-s-a-ales-cu-arsuri-pe-fata-si-torace-in-timp-ce-incerca-sa-isi-salveze-mama-imobilizata-la-pat\/"},"modified":"2025-12-18T09:45:24","modified_gmt":"2025-12-18T09:45:24","slug":"incendiu-intr-o-locuinta-din-bistrita-nasaud-o-femeie-s-a-ales-cu-arsuri-pe-fata-si-torace-in-timp-ce-incerca-sa-isi-salveze-mama-imobilizata-la-pat","status":"publish","type":"post","link":"https:\/\/247stiri.ro\/index.php\/2025\/12\/18\/incendiu-intr-o-locuinta-din-bistrita-nasaud-o-femeie-s-a-ales-cu-arsuri-pe-fata-si-torace-in-timp-ce-incerca-sa-isi-salveze-mama-imobilizata-la-pat\/","title":{"rendered":"Incendiu \u00eentr-o locuin\u021b\u0103 din Bistri\u021ba-N\u0103s\u0103ud. O femeie s-a ales cu arsuri pe fa\u021b\u0103 \u0219i torace \u00een timp ce \u00eencerca s\u0103 \u00ee\u0219i salveze mama imobilizat\u0103 la pat"},"content":{"rendered":"<p>Potrivit Inspectoratului pentru Situa\u021bii de Urgen\u021b\u0103 Bistri\u021ba-N\u0103s\u0103ud, incendiul a afectat at\u00e2t casa, c\u00e2t \u0219i buc\u0103t\u0103ria de var\u0103 \u0219i anexele gospod\u0103re\u0219ti, pe o suprafa\u021b\u0103 total\u0103 de aproximativ 350 de metri p\u0103tra\u021bi.<\/p>\n<p>\u201d\u00cen interiorul imobilului se afla o femeie \u00een v\u00e2rst\u0103 de aproximativ 76 de ani, imobilizat\u0103 la pat, aceasta fiind evacuat\u0103 din zona de pericol de c\u0103tre fiica sa, \u00eenainte de sosirea for\u021belor de interven\u021bie. Ambele persoane au fost transportate la CPU N\u0103s\u0103ud pentru investiga\u021bii medicale. Femeia \u00een v\u00e2rst\u0103 de 76 de ani a suferit un atac de panic\u0103, iar fiica acesteia, \u00een v\u00e2rst\u0103 de 54 de ani, a suferit arsuri de gradele I \u0219i II la nivelul fe\u021bei \u0219i toracelui\u201d, a precizat ISU.<\/p>\n<p>Pe durata interven\u021biei, din zona de risc au fost evacuate trei butelii, pentru eliminarea pericolului producerii unei <a href=\"https:\/\/www.realitatea.net\/stiri\/actual\/incendiu-devastator-in-municipiul-vaslui-o-masina-a-fost-mistuita-de-flacari-video_6941440e1cdf7a2f8a739bf2\" target=\"_blank\">deflagra\u021bii.<\/a><\/p>\n<p>Cauza probabil\u0103 a incendiului a fost stabilit\u0103 ca fiind un scurtcircuit electric la instala\u021bia locuin\u021bei, care a condus la aprinderea izola\u021biei exterioare.<\/p>\n<p>Interven\u021bia pompierilor militari a fost sprijinit\u0103 de cea a pompierilor voluntari din comunele Telciu \u0219i Romuli.\u00a0<\/p>","protected":false},"excerpt":{"rendered":"<p>Potrivit Inspectoratului pentru Situa\u021bii de Urgen\u021b\u0103 Bistri\u021ba-N\u0103s\u0103ud, incendiul a afectat at\u00e2t casa, c\u00e2t \u0219i buc\u0103t\u0103ria&hellip;<\/p>\n","protected":false},"author":0,"featured_media":52583,"comment_status":"open","ping_status":"open","sticky":false,"template":"","format":"standard","meta":{"footnotes":""},"categories":[2],"tags":[],"class_list":["post-52582","post","type-post","status-publish","format-standard","has-post-thumbnail","hentry","category-actual"],"_links":{"self":[{"href":"https:\/\/247stiri.ro\/index.php\/wp-json\/wp\/v2\/posts\/52582","targetHints":{"allow":["GET"]}}],"collection":[{"href":"https:\/\/247stiri.ro\/index.php\/wp-json\/wp\/v2\/posts"}],"about":[{"href":"https:\/\/247stiri.ro\/index.php\/wp-json\/wp\/v2\/types\/post"}],"replies":[{"embeddable":true,"href":"https:\/\/247stiri.ro\/index.php\/wp-json\/wp\/v2\/comments?post=52582"}],"version-history":[{"count":0,"href":"https:\/\/247stiri.ro\/index.php\/wp-json\/wp\/v2\/posts\/52582\/revisions"}],"wp:featuredmedia":[{"embeddable":true,"href":"https:\/\/247stiri.ro\/index.php\/wp-json\/wp\/v2\/media\/52583"}],"wp:attachment":[{"href":"https:\/\/247stiri.ro\/index.php\/wp-json\/wp\/v2\/media?parent=52582"}],"wp:term":[{"taxonomy":"category","embeddable":true,"href":"https:\/\/247stiri.ro\/index.php\/wp-json\/wp\/v2\/categories?post=52582"},{"taxonomy":"post_tag","embeddable":true,"href":"https:\/\/247stiri.ro\/index.php\/wp-json\/wp\/v2\/tags?post=52582"}],"curies":[{"name":"wp","href":"https:\/\/api.w.org\/{rel}","templated":true}]}}