{"id":52584,"date":"2025-12-18T09:45:25","date_gmt":"2025-12-18T09:45:25","guid":{"rendered":"https:\/\/247stiri.ro\/index.php\/2025\/12\/18\/radu-miruta-propus-de-rezisti-sa-preia-oficial-ministerul-apararii-actualul-ministru-al-economiei-amenda-de-15-000-de-lei-dupa-ce-si-a-numit-prietenii-in-varful-unor-companii-cheie\/"},"modified":"2025-12-18T09:45:25","modified_gmt":"2025-12-18T09:45:25","slug":"radu-miruta-propus-de-rezisti-sa-preia-oficial-ministerul-apararii-actualul-ministru-al-economiei-amenda-de-15-000-de-lei-dupa-ce-si-a-numit-prietenii-in-varful-unor-companii-cheie","status":"publish","type":"post","link":"https:\/\/247stiri.ro\/index.php\/2025\/12\/18\/radu-miruta-propus-de-rezisti-sa-preia-oficial-ministerul-apararii-actualul-ministru-al-economiei-amenda-de-15-000-de-lei-dupa-ce-si-a-numit-prietenii-in-varful-unor-companii-cheie\/","title":{"rendered":"Radu Miru\u021b\u0103, propus de rezi\u0219ti s\u0103 preia oficial Ministerul Ap\u0103r\u0103rii. Actualul ministru al Economiei, amend\u0103 de 15.000 de lei, dup\u0103 ce \u0219i-a numit prietenii \u00een v\u00e2rful unor companii-cheie"},"content":{"rendered":"<p>Ministrul Economiei \u0219i interimarul la Ap\u0103rare, Radu Miru\u021b\u0103, este nominalizat pentru a prelua \u00een mod oficial Ministerul Ap\u0103r\u0103rii Na\u021bionale. Potrivit surselor Realitatea Plus, m\u00e2ine are loc nominalizarea mini\u0219trilor, dup\u0103 lungi negocieri.<\/p>\n<p>Astfel, \u201erezistii\u201d au stabilit c\u0103 Radu Miru\u021b\u0103 ar fi cel mai potrivit pentru ocuparea acestei func\u021bii, \u00een timp ce la Ministerul Economiei ar urma s\u0103 vin\u0103 Irineu Dar\u0103u.<\/p>\n<p>De asemenea, Radu Miru\u021b\u0103 a fost amendat cu aproximativ 3000 de euro dup\u0103 ce \u0219i-ar fi numit favori\u021bii \u00een fruntea unei companii de stat. Este vorba despre Avioane Craiova, acolo unde Miru\u021b\u0103 spune c\u0103 ar fi intervenit pentru c\u0103 era un interimar de 9 ani.<\/p>\n<p>Mai grav este \u00eens\u0103 faptul c\u0103 acesta a recunoscut \u0219i a acceptat sanc\u021biunea \u0219i a declarat c\u0103 ar face din nou acest lucru, chiar dac\u0103 ar trebui s\u0103 vin\u0103 cu bani de acas\u0103. Declara\u021bia sa ridic\u0103 foarte multe semne de \u00eentrebare, pentru c\u0103 speciali\u0219tii spun c\u0103 aici este vorba de abuz de putere.<\/p>","protected":false},"excerpt":{"rendered":"<p>Ministrul Economiei \u0219i interimarul la Ap\u0103rare, Radu Miru\u021b\u0103, este nominalizat pentru a prelua \u00een mod&hellip;<\/p>\n","protected":false},"author":0,"featured_media":52573,"comment_status":"open","ping_status":"open","sticky":false,"template":"","format":"standard","meta":{"footnotes":""},"categories":[2],"tags":[],"class_list":["post-52584","post","type-post","status-publish","format-standard","has-post-thumbnail","hentry","category-actual"],"_links":{"self":[{"href":"https:\/\/247stiri.ro\/index.php\/wp-json\/wp\/v2\/posts\/52584","targetHints":{"allow":["GET"]}}],"collection":[{"href":"https:\/\/247stiri.ro\/index.php\/wp-json\/wp\/v2\/posts"}],"about":[{"href":"https:\/\/247stiri.ro\/index.php\/wp-json\/wp\/v2\/types\/post"}],"replies":[{"embeddable":true,"href":"https:\/\/247stiri.ro\/index.php\/wp-json\/wp\/v2\/comments?post=52584"}],"version-history":[{"count":0,"href":"https:\/\/247stiri.ro\/index.php\/wp-json\/wp\/v2\/posts\/52584\/revisions"}],"wp:featuredmedia":[{"embeddable":true,"href":"https:\/\/247stiri.ro\/index.php\/wp-json\/wp\/v2\/media\/52573"}],"wp:attachment":[{"href":"https:\/\/247stiri.ro\/index.php\/wp-json\/wp\/v2\/media?parent=52584"}],"wp:term":[{"taxonomy":"category","embeddable":true,"href":"https:\/\/247stiri.ro\/index.php\/wp-json\/wp\/v2\/categories?post=52584"},{"taxonomy":"post_tag","embeddable":true,"href":"https:\/\/247stiri.ro\/index.php\/wp-json\/wp\/v2\/tags?post=52584"}],"curies":[{"name":"wp","href":"https:\/\/api.w.org\/{rel}","templated":true}]}}