{"id":52596,"date":"2025-12-18T10:45:06","date_gmt":"2025-12-18T10:45:06","guid":{"rendered":"https:\/\/247stiri.ro\/index.php\/2025\/12\/18\/surse-premierul-bolojan-atac-dur-la-ministrul-predoiu-ce-pregateste-seful-guvernului\/"},"modified":"2025-12-18T10:45:06","modified_gmt":"2025-12-18T10:45:06","slug":"surse-premierul-bolojan-atac-dur-la-ministrul-predoiu-ce-pregateste-seful-guvernului","status":"publish","type":"post","link":"https:\/\/247stiri.ro\/index.php\/2025\/12\/18\/surse-premierul-bolojan-atac-dur-la-ministrul-predoiu-ce-pregateste-seful-guvernului\/","title":{"rendered":"SURSE: Premierul Bolojan, atac dur la ministrul Predoiu. Ce preg\u0103te\u0219te \u0219eful Guvernului"},"content":{"rendered":"<p>Sursele Realitatea PLUS vorbesc despre o \u00eent\u00e2lnire \u00een derulare la Vila Lac, acolo unde s-a reunit Biroul Permanent al Partidului Na\u021bional Liberal (PNL). Conform surselor citate, \u00een cadrul \u00eent\u00e2lnirii Ilie Bolojan \u00eel atac\u0103 pe ministrul de Interne C\u0103t\u0103lin Predoiu.\u00a0<\/p>\n<p>Este extrem de interesant\u0103 aceast\u0103 abordare a premierului, cel care conduce, totodat\u0103, PNL, \u00een contextul \u00een care recent Predoiu a fost decorat de americani. De asemenea, a avut o \u00eent\u00e2lnire cu \u0219eful FBI.\u00a0<\/p>\n<p>Practic, \u00een acest moment la nivel de conducere \u00een statul rom\u00e2n pare c\u0103 Predoiu este singurul care mai are canal cu partenerii strategici.\u00a0<\/p>\n<p>Cu toate astea, Ilie Bolojan &#8211; cel care o sprijin\u0103 \u0219i o protejeaz\u0103 pe Diana Buzoianu &#8211; dup\u0103 ce am v\u0103zut c\u0103 mo\u021biunea simpl\u0103 \u00eempotriva acesteia a trecut \u0219i, chiar \u0219i \u00een aceste condi\u021bii, nu a revocat-o de la Ministerul Mediului. \u00cen schimb, \u00eel atac\u0103 pe ministrul de Interne C\u0103t\u0103lin Predoiu.\u00a0<\/p>\n<p>Totul a pornit dup\u0103 ce Predoiu a fost indicat responsabil \u00een documentarul Recorder \u00een care se vorbe\u0219te despre problemele din Justi\u021bie.\u00a0<\/p>","protected":false},"excerpt":{"rendered":"<p>Sursele Realitatea PLUS vorbesc despre o \u00eent\u00e2lnire \u00een derulare la Vila Lac, acolo unde s-a&hellip;<\/p>\n","protected":false},"author":0,"featured_media":52597,"comment_status":"open","ping_status":"open","sticky":false,"template":"","format":"standard","meta":{"footnotes":""},"categories":[3],"tags":[],"class_list":["post-52596","post","type-post","status-publish","format-standard","has-post-thumbnail","hentry","category-politica"],"_links":{"self":[{"href":"https:\/\/247stiri.ro\/index.php\/wp-json\/wp\/v2\/posts\/52596","targetHints":{"allow":["GET"]}}],"collection":[{"href":"https:\/\/247stiri.ro\/index.php\/wp-json\/wp\/v2\/posts"}],"about":[{"href":"https:\/\/247stiri.ro\/index.php\/wp-json\/wp\/v2\/types\/post"}],"replies":[{"embeddable":true,"href":"https:\/\/247stiri.ro\/index.php\/wp-json\/wp\/v2\/comments?post=52596"}],"version-history":[{"count":0,"href":"https:\/\/247stiri.ro\/index.php\/wp-json\/wp\/v2\/posts\/52596\/revisions"}],"wp:featuredmedia":[{"embeddable":true,"href":"https:\/\/247stiri.ro\/index.php\/wp-json\/wp\/v2\/media\/52597"}],"wp:attachment":[{"href":"https:\/\/247stiri.ro\/index.php\/wp-json\/wp\/v2\/media?parent=52596"}],"wp:term":[{"taxonomy":"category","embeddable":true,"href":"https:\/\/247stiri.ro\/index.php\/wp-json\/wp\/v2\/categories?post=52596"},{"taxonomy":"post_tag","embeddable":true,"href":"https:\/\/247stiri.ro\/index.php\/wp-json\/wp\/v2\/tags?post=52596"}],"curies":[{"name":"wp","href":"https:\/\/api.w.org\/{rel}","templated":true}]}}